{"id":1603,"date":"2019-04-02T21:28:46","date_gmt":"2019-04-02T19:28:46","guid":{"rendered":"https:\/\/www.brodtfoundation.org\/de\/?p=1603"},"modified":"2019-04-02T21:29:05","modified_gmt":"2019-04-02T19:29:05","slug":"rauch-ueber-golan","status":"publish","type":"post","link":"https:\/\/www.brodtfoundation.org\/de\/rauch-ueber-golan\/","title":{"rendered":"Rauch \u00fcber Golan"},"content":{"rendered":"<p><span style=\"font-size: small;\">Uriel Ofek (Autor), Schweizer-Jugend-Verlag, Solothurn 1975<\/span><\/p>\n<p style=\"text-align: justify;\">Dieser Titel schaffte es 1976 auf die Nominierungsliste des Deutschen Jugendliteraturpreises. Die Jurybegr\u00fcndung damals lautete:<br \/>\n\u201eEine Episode aus dem Jom-Kippur-Krieg, wie ihn der kleine Etan erlebt, der in einer Siedlung auf den Golan-H\u00f6hen zur Schule geht. Die Erz\u00e4hlung vermittelt ein gutes Bild von der Mentalit\u00e4t der jungen israelischen Generation, die sich, solange sie denken kann, mit Bedrohung und Krieg auseinandersetzen muss und durch ihren Glauben und den Kampf um Daseinsberechtigung gepr\u00e4gt wurde.\u201c<\/p>\n","protected":false},"excerpt":{"rendered":"<p>Uriel Ofek (Autor), Schweizer-Jugend-Verlag, Solothurn 1975 Dieser Titel schaffte es 1976 auf die Nominierungsliste des Deutschen Jugendliteraturpreises. Die Jurybegr\u00fcndung damals lautete: \u201eEine Episode aus dem Jom-Kippur-Krieg, wie ihn der kleine Etan erlebt, der in einer Siedlung auf den Golan-H\u00f6hen zur Schule geht. Die Erz\u00e4hlung vermittelt ein gutes Bild von der Mentalit\u00e4t der jungen israelischen Generation, [&hellip;]<\/p>\n","protected":false},"author":2,"featured_media":1604,"comment_status":"closed","ping_status":"closed","sticky":false,"template":"","format":"standard","meta":{"footnotes":""},"categories":[1],"tags":[],"class_list":["post-1603","post","type-post","status-publish","format-standard","has-post-thumbnail","hentry","category-allgemein"],"_links":{"self":[{"href":"https:\/\/www.brodtfoundation.org\/de\/wp-json\/wp\/v2\/posts\/1603","targetHints":{"allow":["GET"]}}],"collection":[{"href":"https:\/\/www.brodtfoundation.org\/de\/wp-json\/wp\/v2\/posts"}],"about":[{"href":"https:\/\/www.brodtfoundation.org\/de\/wp-json\/wp\/v2\/types\/post"}],"author":[{"embeddable":true,"href":"https:\/\/www.brodtfoundation.org\/de\/wp-json\/wp\/v2\/users\/2"}],"replies":[{"embeddable":true,"href":"https:\/\/www.brodtfoundation.org\/de\/wp-json\/wp\/v2\/comments?post=1603"}],"version-history":[{"count":2,"href":"https:\/\/www.brodtfoundation.org\/de\/wp-json\/wp\/v2\/posts\/1603\/revisions"}],"predecessor-version":[{"id":1607,"href":"https:\/\/www.brodtfoundation.org\/de\/wp-json\/wp\/v2\/posts\/1603\/revisions\/1607"}],"wp:featuredmedia":[{"embeddable":true,"href":"https:\/\/www.brodtfoundation.org\/de\/wp-json\/wp\/v2\/media\/1604"}],"wp:attachment":[{"href":"https:\/\/www.brodtfoundation.org\/de\/wp-json\/wp\/v2\/media?parent=1603"}],"wp:term":[{"taxonomy":"category","embeddable":true,"href":"https:\/\/www.brodtfoundation.org\/de\/wp-json\/wp\/v2\/categories?post=1603"},{"taxonomy":"post_tag","embeddable":true,"href":"https:\/\/www.brodtfoundation.org\/de\/wp-json\/wp\/v2\/tags?post=1603"}],"curies":[{"name":"wp","href":"https:\/\/api.w.org\/{rel}","templated":true}]}}