{"id":2339,"date":"2019-08-19T20:50:31","date_gmt":"2019-08-19T18:50:31","guid":{"rendered":"https:\/\/www.brodtfoundation.org\/de\/?p=2339"},"modified":"2019-08-19T20:50:52","modified_gmt":"2019-08-19T18:50:52","slug":"amy-und-die-geheime-bibliothek","status":"publish","type":"post","link":"https:\/\/www.brodtfoundation.org\/de\/amy-und-die-geheime-bibliothek\/","title":{"rendered":"Amy und die geheime Bibliothek"},"content":{"rendered":"<p><span style=\"font-size: 10pt;\">Alan Gratz, Carl Hanser Verlag, M\u00fcnchen 2019<\/span><\/p>\n<p><strong>Verlagstext:<\/strong><br \/>\nWas tun, wenn \u201eHarry Potter\u201c und \u201eAlice im Wunderland\u201c verboten werden? Ein Buch \u00fcber die Macht und die Bedeutung von B\u00fcchern.<br \/>\nAmy liebt B\u00fccher und das Lesen. Doch dann wird ihr Lieblingsbuch aus der Schulbibliothek verbannt \u2013 angeblich ist es ungeeignet f\u00fcr Grundsch\u00fcler, respektlos und unmoralisch. Die sonst so zur\u00fcckhaltende Amy ist emp\u00f6rt: Es ist ein ganz tolles Buch! Und jeder sollte es ausleihen und lesen k\u00f6nnen! Als immer mehr B\u00fccher aus den Regalen verschwinden, er\u00f6ffnet Amy kurzerhand die G.S.B., die Geheime Schlie\u00dffach-Bibliothek. Hier k\u00f6nnen ihre Mitsch\u00fcler alle verbannten B\u00fccher heimlich ausleihen. Schon bald boomt Amys Bibliothek, und gemeinsam schmieden die Kinder einen Plan, um sich gegen die B\u00fccherverbannung zur Wehr zu setzen. Denn niemand soll ihnen vorschreiben, welche B\u00fccher sie lesen d\u00fcrfen!<\/p>\n<p><strong>Zusatzinfo:<\/strong> Alan Gratz hat 2017 den Jewish Book Award erhalten!<\/p>\n","protected":false},"excerpt":{"rendered":"<p>Alan Gratz, Carl Hanser Verlag, M\u00fcnchen 2019 Verlagstext: Was tun, wenn \u201eHarry Potter\u201c und \u201eAlice im Wunderland\u201c verboten werden? Ein Buch \u00fcber die Macht und die Bedeutung von B\u00fcchern. Amy liebt B\u00fccher und das Lesen. Doch dann wird ihr Lieblingsbuch aus der Schulbibliothek verbannt \u2013 angeblich ist es ungeeignet f\u00fcr Grundsch\u00fcler, respektlos und unmoralisch. Die [&hellip;]<\/p>\n","protected":false},"author":2,"featured_media":2340,"comment_status":"closed","ping_status":"closed","sticky":false,"template":"","format":"standard","meta":{"footnotes":""},"categories":[1],"tags":[],"class_list":["post-2339","post","type-post","status-publish","format-standard","has-post-thumbnail","hentry","category-allgemein"],"_links":{"self":[{"href":"https:\/\/www.brodtfoundation.org\/de\/wp-json\/wp\/v2\/posts\/2339","targetHints":{"allow":["GET"]}}],"collection":[{"href":"https:\/\/www.brodtfoundation.org\/de\/wp-json\/wp\/v2\/posts"}],"about":[{"href":"https:\/\/www.brodtfoundation.org\/de\/wp-json\/wp\/v2\/types\/post"}],"author":[{"embeddable":true,"href":"https:\/\/www.brodtfoundation.org\/de\/wp-json\/wp\/v2\/users\/2"}],"replies":[{"embeddable":true,"href":"https:\/\/www.brodtfoundation.org\/de\/wp-json\/wp\/v2\/comments?post=2339"}],"version-history":[{"count":3,"href":"https:\/\/www.brodtfoundation.org\/de\/wp-json\/wp\/v2\/posts\/2339\/revisions"}],"predecessor-version":[{"id":2343,"href":"https:\/\/www.brodtfoundation.org\/de\/wp-json\/wp\/v2\/posts\/2339\/revisions\/2343"}],"wp:featuredmedia":[{"embeddable":true,"href":"https:\/\/www.brodtfoundation.org\/de\/wp-json\/wp\/v2\/media\/2340"}],"wp:attachment":[{"href":"https:\/\/www.brodtfoundation.org\/de\/wp-json\/wp\/v2\/media?parent=2339"}],"wp:term":[{"taxonomy":"category","embeddable":true,"href":"https:\/\/www.brodtfoundation.org\/de\/wp-json\/wp\/v2\/categories?post=2339"},{"taxonomy":"post_tag","embeddable":true,"href":"https:\/\/www.brodtfoundation.org\/de\/wp-json\/wp\/v2\/tags?post=2339"}],"curies":[{"name":"wp","href":"https:\/\/api.w.org\/{rel}","templated":true}]}}