{"id":2769,"date":"2021-01-25T13:01:48","date_gmt":"2021-01-25T12:01:48","guid":{"rendered":"https:\/\/www.brodtfoundation.org\/de\/?p=2769"},"modified":"2021-01-31T13:24:38","modified_gmt":"2021-01-31T12:24:38","slug":"die-wartemauer","status":"publish","type":"post","link":"https:\/\/www.brodtfoundation.org\/de\/die-wartemauer\/","title":{"rendered":"Die Wartemauer"},"content":{"rendered":"<p><span style=\"font-size: 10pt;\">Leah Braunstein Levy (Autor), Avi Katz (Illustrator), Books &amp; Bagels, Basel 2020<\/span><\/p>\n<p><strong>Verlagstext:<\/strong> Die Klagemauer f\u00fcr Kinder erz\u00e4hlt. Das Buch beschreibt die Erfahrung eines Jungen und M\u00e4dchen, die die Klagemauer in Jerusalem besuchen. Die sch\u00f6nen Abbildungen erm\u00f6glichen es dem Leser, sich mit dem Besuch zu identifizieren. Das Tempo der Geschichte ist ruhig und nachdenklich poetisch. Es beschreibt den physischen Raum, das Verhalten der Besucher, das Pflanzen- und Tierleben, das zwischen den Steinen gedeiht und die Notizen f\u00fcr G\u2018tt, die die Menschen in den Rissen der Mauer hinterlassen. Die Geschichte endet mit der Hoffnung auf das baldige Kommen des Moschiach und der gewaltigen Freude, die die Besucher der Mauer dann empfinden werden. Wir sehen die Mauer auf jedem Bild, jedoch immer aus einer anderen, spannenden Perspektive. Das Licht der weichen und warmen Farben des Steins von Jerusalem ist im ganzen Buch sp\u00fcrbar. Das Buch ist wie eine sanfte, aber kraftvolle Meditation, die das j\u00fcdische Gef\u00fchl f\u00fcr die Klagemauer f\u00fcr Kinder zug\u00e4nglich macht, Durch das starke Ortsgef\u00fchl k\u00f6nnen die Kinder einen virtuellen Ausflug zur Klagemauer erleben.<\/p>\n","protected":false},"excerpt":{"rendered":"<p>Leah Braunstein Levy (Autor), Avi Katz (Illustrator), Books &amp; Bagels, Basel 2020 Verlagstext: Die Klagemauer f\u00fcr Kinder erz\u00e4hlt. Das Buch beschreibt die Erfahrung eines Jungen und M\u00e4dchen, die die Klagemauer in Jerusalem besuchen. Die sch\u00f6nen Abbildungen erm\u00f6glichen es dem Leser, sich mit dem Besuch zu identifizieren. Das Tempo der Geschichte ist ruhig und nachdenklich poetisch. [&hellip;]<\/p>\n","protected":false},"author":2,"featured_media":2781,"comment_status":"closed","ping_status":"closed","sticky":false,"template":"","format":"standard","meta":{"footnotes":""},"categories":[1],"tags":[],"class_list":["post-2769","post","type-post","status-publish","format-standard","has-post-thumbnail","hentry","category-allgemein"],"_links":{"self":[{"href":"https:\/\/www.brodtfoundation.org\/de\/wp-json\/wp\/v2\/posts\/2769","targetHints":{"allow":["GET"]}}],"collection":[{"href":"https:\/\/www.brodtfoundation.org\/de\/wp-json\/wp\/v2\/posts"}],"about":[{"href":"https:\/\/www.brodtfoundation.org\/de\/wp-json\/wp\/v2\/types\/post"}],"author":[{"embeddable":true,"href":"https:\/\/www.brodtfoundation.org\/de\/wp-json\/wp\/v2\/users\/2"}],"replies":[{"embeddable":true,"href":"https:\/\/www.brodtfoundation.org\/de\/wp-json\/wp\/v2\/comments?post=2769"}],"version-history":[{"count":2,"href":"https:\/\/www.brodtfoundation.org\/de\/wp-json\/wp\/v2\/posts\/2769\/revisions"}],"predecessor-version":[{"id":2784,"href":"https:\/\/www.brodtfoundation.org\/de\/wp-json\/wp\/v2\/posts\/2769\/revisions\/2784"}],"wp:featuredmedia":[{"embeddable":true,"href":"https:\/\/www.brodtfoundation.org\/de\/wp-json\/wp\/v2\/media\/2781"}],"wp:attachment":[{"href":"https:\/\/www.brodtfoundation.org\/de\/wp-json\/wp\/v2\/media?parent=2769"}],"wp:term":[{"taxonomy":"category","embeddable":true,"href":"https:\/\/www.brodtfoundation.org\/de\/wp-json\/wp\/v2\/categories?post=2769"},{"taxonomy":"post_tag","embeddable":true,"href":"https:\/\/www.brodtfoundation.org\/de\/wp-json\/wp\/v2\/tags?post=2769"}],"curies":[{"name":"wp","href":"https:\/\/api.w.org\/{rel}","templated":true}]}}