{"id":2992,"date":"2021-11-12T18:01:55","date_gmt":"2021-11-12T17:01:55","guid":{"rendered":"https:\/\/www.brodtfoundation.org\/de\/?p=2992"},"modified":"2021-11-12T18:01:55","modified_gmt":"2021-11-12T17:01:55","slug":"die-bilderwelt-des-walter-trier","status":"publish","type":"post","link":"https:\/\/www.brodtfoundation.org\/de\/die-bilderwelt-des-walter-trier\/","title":{"rendered":"Die Bilderwelt des Walter Trier"},"content":{"rendered":"\n<p class=\"has-small-font-size\">Warthorst, Antje M., Die Favoriten Presse, Berlin 2021<\/p>\n\n\n\n<p>Die Umschl\u00e4ge der Kinderb\u00fccher \u201eEmil und die Detektive\u201c, \u201eP\u00fcnktchen und Anton\u201c, \u201eDas doppelte Lottchen\u201c sind l\u00e4ngst Ikonen der modernen Buchkunst. Doch das Werk von Walter Trier ist weitaus gr\u00f6\u00dfer und vielf\u00e4ltiger.<br>Dieser gro\u00dfformatige Bildband soll dazu beitragen, sein umfangreiches Werk jenseits der K\u00e4stner-Illustrationen nicht in Vergessenheit geraten zu lassen. Die hier gezeigte Bilderwelt nimmt den Betrachter mit in die erste H\u00e4lfte des 20. Jahrhunderts, die politischen und gesellschaftlichen, oft ironischen Kommentare Triers wirken vielfach noch heute aktuell. Sind nicht nur komisch, sondern stimmen immer auch nachdenklich.<br>Versammelt sind die wichtigsten Themen aus Walter Triers utopischem Kosmos: Die oft komische Liebe zwischen Mann und Frau, eine Menge frecher Kinder und ihr fantastisches Spielzeug, viele Stars aus Theater, Film und Sportwelt, Clowns und Zirkusartisten und nat\u00fcrlich seine gezeichneten Parodien auf den Nationalsozialismus, der ihn zur Emigration zwang.<br>Es gibt eine Menge k\u00f6stlicher Seitenhiebe auf K\u00fcnstlerkollegen, ganz und gar erstaunliche Umschlaggestaltung f\u00fcr Welt- und Unterhaltungsliteratur sowie f\u00fcr Kinderbuchklassiker, aber auch am\u00fcsante oder bissige Kommentare zu anderer L\u00e4nder Sitten, Karikaturen zu historischen und politischen Umbr\u00fcchen und herrlich Plakatives.<br>Eingebettet sind die zahlreichen Bilder in zwei historische Vorworte &#8211; von Walter Trier, und seinem Bewunderer Robert Gernhardt &#8211; und erg\u00e4nzt um ein aktuelles Nachwort. So werden die Umst\u00e4nde ihrer Entstehung und historischen Inhalte verst\u00e4ndlich.<\/p>\n","protected":false},"excerpt":{"rendered":"<p>Dieser gro\u00dfformatige Bildband soll dazu beitragen, sein umfangreiches Werk jenseits der K\u00e4stner-Illustrationen nicht in Vergessenheit geraten zu lassen<\/p>\n","protected":false},"author":5,"featured_media":2989,"comment_status":"closed","ping_status":"closed","sticky":false,"template":"","format":"standard","meta":{"footnotes":""},"categories":[1],"tags":[],"class_list":["post-2992","post","type-post","status-publish","format-standard","has-post-thumbnail","hentry","category-allgemein"],"_links":{"self":[{"href":"https:\/\/www.brodtfoundation.org\/de\/wp-json\/wp\/v2\/posts\/2992","targetHints":{"allow":["GET"]}}],"collection":[{"href":"https:\/\/www.brodtfoundation.org\/de\/wp-json\/wp\/v2\/posts"}],"about":[{"href":"https:\/\/www.brodtfoundation.org\/de\/wp-json\/wp\/v2\/types\/post"}],"author":[{"embeddable":true,"href":"https:\/\/www.brodtfoundation.org\/de\/wp-json\/wp\/v2\/users\/5"}],"replies":[{"embeddable":true,"href":"https:\/\/www.brodtfoundation.org\/de\/wp-json\/wp\/v2\/comments?post=2992"}],"version-history":[{"count":1,"href":"https:\/\/www.brodtfoundation.org\/de\/wp-json\/wp\/v2\/posts\/2992\/revisions"}],"predecessor-version":[{"id":2993,"href":"https:\/\/www.brodtfoundation.org\/de\/wp-json\/wp\/v2\/posts\/2992\/revisions\/2993"}],"wp:featuredmedia":[{"embeddable":true,"href":"https:\/\/www.brodtfoundation.org\/de\/wp-json\/wp\/v2\/media\/2989"}],"wp:attachment":[{"href":"https:\/\/www.brodtfoundation.org\/de\/wp-json\/wp\/v2\/media?parent=2992"}],"wp:term":[{"taxonomy":"category","embeddable":true,"href":"https:\/\/www.brodtfoundation.org\/de\/wp-json\/wp\/v2\/categories?post=2992"},{"taxonomy":"post_tag","embeddable":true,"href":"https:\/\/www.brodtfoundation.org\/de\/wp-json\/wp\/v2\/tags?post=2992"}],"curies":[{"name":"wp","href":"https:\/\/api.w.org\/{rel}","templated":true}]}}