{"id":3284,"date":"2022-02-22T17:07:30","date_gmt":"2022-02-22T16:07:30","guid":{"rendered":"https:\/\/www.brodtfoundation.org\/de\/?p=3284"},"modified":"2023-03-16T18:06:34","modified_gmt":"2023-03-16T17:06:34","slug":"kami-maltz","status":"publish","type":"post","link":"https:\/\/www.brodtfoundation.org\/de\/kami-maltz\/","title":{"rendered":"Kami Maltz"},"content":{"rendered":"\n<h2 class=\"wp-block-heading\">came, sang and conquered!<\/h2>\n\n\n\n<!--more-->\n\n\n\n<p>F\u00fcr Mai 2022 war eine mehrt\u00e4gige Konzert- und Diskussionsreihe mit der                                                  in Tel Aviv lebenden Singer-Songwriterin geplant.<\/p>\n\n\n\n<div class=\"wp-block-media-text alignwide is-stacked-on-mobile\"><figure class=\"wp-block-media-text__media\"><img loading=\"lazy\" decoding=\"async\" width=\"520\" height=\"640\" src=\"https:\/\/www.brodtfoundation.org\/de\/wp-content\/uploads\/sites\/3\/2022\/02\/Kami-may-tour-poster.png\" alt=\"\" class=\"wp-image-3561 size-full\" srcset=\"https:\/\/www.brodtfoundation.org\/de\/wp-content\/uploads\/sites\/3\/2022\/02\/Kami-may-tour-poster.png 520w, https:\/\/www.brodtfoundation.org\/de\/wp-content\/uploads\/sites\/3\/2022\/02\/Kami-may-tour-poster-400x492.png 400w\" sizes=\"auto, (max-width: 520px) 100vw, 520px\" \/><\/figure><div class=\"wp-block-media-text__content\">\n<p>Ein sehr erfolreiche Tour, und ein       weiteres Beispiel f\u00fcr die enorme Bindungskraft der Musik.<\/p>\n<\/div><\/div>\n\n\n\n<div style=\"height:50px\" aria-hidden=\"true\" class=\"wp-block-spacer\"><\/div>\n\n\n\n<p>Die letzte Station der Tour war M\u00fcnchen, wo Kami am Abend des <strong>15. Mai<\/strong> einen Auftritt im<strong> Lost Weekend<\/strong> hatte &#8211; eine im Univiertel liegende Buchladen-und-B\u00fchne Caf\u00e9, in dem regelm\u00e4\u00dfig Lesungen und Musikveranstaltungen stattfinden.<\/p>\n\n\n\n<div style=\"height:33px\" aria-hidden=\"true\" class=\"wp-block-spacer\"><\/div>\n\n\n\n<div class=\"wp-block-media-text alignwide is-stacked-on-mobile\"><figure class=\"wp-block-media-text__media\"><img loading=\"lazy\" decoding=\"async\" width=\"750\" height=\"750\" src=\"https:\/\/www.brodtfoundation.org\/de\/wp-content\/uploads\/sites\/3\/2022\/02\/Kami-Maltz-Poster-q.jpg\" alt=\"\" class=\"wp-image-3554 size-full\" srcset=\"https:\/\/www.brodtfoundation.org\/de\/wp-content\/uploads\/sites\/3\/2022\/02\/Kami-Maltz-Poster-q.jpg 750w, https:\/\/www.brodtfoundation.org\/de\/wp-content\/uploads\/sites\/3\/2022\/02\/Kami-Maltz-Poster-q-400x400.jpg 400w, https:\/\/www.brodtfoundation.org\/de\/wp-content\/uploads\/sites\/3\/2022\/02\/Kami-Maltz-Poster-q-250x250.jpg 250w\" sizes=\"auto, (max-width: 750px) 100vw, 750px\" \/><\/figure><div class=\"wp-block-media-text__content\">\n<p>Das Konzert wurde von dem jungen m\u00fcnchener Musikkollektiv &#8222;Musiksessions&#8220; organisiert und geh\u00f6rte zur Reihe <strong>&#8222;Sunday Sessions&#8220;<\/strong>, die regelm\u00e4\u00dfig im Lost Weekend mit lokalen oder internationalen Musiker*innen stattfindet.<\/p>\n\n\n\n<p><\/p>\n\n\n\n<p class=\"has-small-font-size\">Foto: Lydia Bergida<\/p>\n<\/div><\/div>\n\n\n\n<div style=\"height:50px\" aria-hidden=\"true\" class=\"wp-block-spacer\"><\/div>\n\n\n\n<figure class=\"wp-block-image size-large\"><img loading=\"lazy\" decoding=\"async\" width=\"639\" height=\"750\" src=\"https:\/\/www.brodtfoundation.org\/de\/wp-content\/uploads\/sites\/3\/2022\/02\/Kami-multi-639x750.jpg\" alt=\"\" class=\"wp-image-3562\" srcset=\"https:\/\/www.brodtfoundation.org\/de\/wp-content\/uploads\/sites\/3\/2022\/02\/Kami-multi-639x750.jpg 639w, https:\/\/www.brodtfoundation.org\/de\/wp-content\/uploads\/sites\/3\/2022\/02\/Kami-multi-400x470.jpg 400w, https:\/\/www.brodtfoundation.org\/de\/wp-content\/uploads\/sites\/3\/2022\/02\/Kami-multi-768x902.jpg 768w, https:\/\/www.brodtfoundation.org\/de\/wp-content\/uploads\/sites\/3\/2022\/02\/Kami-multi.jpg 960w\" sizes=\"auto, (max-width: 639px) 100vw, 639px\" \/><\/figure>\n\n\n\n<div class=\"wp-block-columns is-layout-flex wp-container-core-columns-is-layout-9d6595d7 wp-block-columns-is-layout-flex\">\n<div class=\"wp-block-column is-layout-flow wp-block-column-is-layout-flow\" style=\"flex-basis:52.3%\">\n<figure class=\"wp-block-image size-large\"><img loading=\"lazy\" decoding=\"async\" width=\"533\" height=\"750\" src=\"https:\/\/www.brodtfoundation.org\/de\/wp-content\/uploads\/sites\/3\/2022\/02\/Kami-pretty-533x750.jpg\" alt=\"\" class=\"wp-image-3564\" srcset=\"https:\/\/www.brodtfoundation.org\/de\/wp-content\/uploads\/sites\/3\/2022\/02\/Kami-pretty-533x750.jpg 533w, https:\/\/www.brodtfoundation.org\/de\/wp-content\/uploads\/sites\/3\/2022\/02\/Kami-pretty-400x562.jpg 400w, https:\/\/www.brodtfoundation.org\/de\/wp-content\/uploads\/sites\/3\/2022\/02\/Kami-pretty.jpg 749w\" sizes=\"auto, (max-width: 533px) 100vw, 533px\" \/><figcaption class=\"wp-element-caption\">BRAVO!<\/figcaption><\/figure>\n<\/div>\n\n\n\n<div class=\"wp-block-column is-layout-flow wp-block-column-is-layout-flow\" style=\"flex-basis:47.7%\">\n<figure class=\"wp-block-image size-large is-resized\"><img loading=\"lazy\" decoding=\"async\" src=\"https:\/\/www.brodtfoundation.org\/de\/wp-content\/uploads\/sites\/3\/2022\/02\/Kami-open-arms-445x750.jpg\" alt=\"\" class=\"wp-image-3563\" width=\"368\" height=\"620\" srcset=\"https:\/\/www.brodtfoundation.org\/de\/wp-content\/uploads\/sites\/3\/2022\/02\/Kami-open-arms-445x750.jpg 445w, https:\/\/www.brodtfoundation.org\/de\/wp-content\/uploads\/sites\/3\/2022\/02\/Kami-open-arms-400x674.jpg 400w, https:\/\/www.brodtfoundation.org\/de\/wp-content\/uploads\/sites\/3\/2022\/02\/Kami-open-arms-768x1294.jpg 768w, https:\/\/www.brodtfoundation.org\/de\/wp-content\/uploads\/sites\/3\/2022\/02\/Kami-open-arms-911x1536.jpg 911w, https:\/\/www.brodtfoundation.org\/de\/wp-content\/uploads\/sites\/3\/2022\/02\/Kami-open-arms.jpg 960w\" sizes=\"auto, (max-width: 368px) 100vw, 368px\" \/><\/figure>\n<\/div>\n<\/div>\n\n\n\n<div style=\"height:25px\" aria-hidden=\"true\" class=\"wp-block-spacer\"><\/div>\n\n\n\n<p>Kami Maltz wurde als Tochter eines Paares klassischer Musiker in Israel geboren und bewegt sich seit ihrer fr\u00fchen Jugend in unterschiedlichsten musikalischen Genres, die von Pop \u00fcber Folk bis zum Jazz reichen. Kamis Alleinstellungsmerkmale sind ihre Stimme und die von ihr gespielte Autoharp \u2013 eine Kastenzither, die gew\u00f6hnlich f\u00fcr Bluegrass und Country verwendet, von Kami jedoch f\u00fcr eine vollkommen andere Musik eingesetzt wird: ein mit elektronischen Elementen angereicherter melancholischer Folk von einer unpr\u00e4tenti\u00f6sen Sch\u00f6nheit. Besonders interessant an Kamis Musik ist die Tatsache, dass es ihr gelungen ist, zwei sehr unterschiedliche musikalische Traditionsstr\u00e4nge zu einer gelungenen Symbiose zu vereinen: auf der einen Seite der vor allem in ihren fr\u00fchen Kompositionen deutlich h\u00f6rbare Einfluss traditioneller j\u00fcdischer Musik und auf der anderen Seite der in der Traditionslinie von Musikern wie Nick Drake oder Joni Mitchell stehende englisch-amerikanische Folk. Kami gilt mittlerweile nicht nur als eine der weltweit besten Interpretinnen von Joni Mitchell-Songs, sondern auch als diejenige Musikerin, die der (vor wenigen Jahren noch als eingestaubt geltenden) Autoharp neues musikalisches Leben eingehaucht hat. Sie hat bereits zwei EPs ver\u00f6ffentlicht und mit namhaften K\u00fcnstlern aus der Bluegrass-Szene zusammengearbeitet.<\/p>\n\n\n\n<p>Alle Fotos: Lydia Bergida<\/p>\n\n\n\n<div style=\"height:50px\" aria-hidden=\"true\" class=\"wp-block-spacer\"><\/div>\n\n\n\n<h2 class=\"wp-block-heading\">DAS VIDEO IST DA!<\/h2>\n\n\n\n<figure class=\"wp-block-video\"><video controls poster=\"https:\/\/www.brodtfoundation.org\/de\/wp-content\/uploads\/sites\/3\/2023\/03\/Interview-Paris-Brodt-Foundation-Kami-Maltz.jpg\" src=\"https:\/\/www.brodtfoundation.org\/video\/Interview-Paris-Brodt-Foundation.mp4\"><\/video><\/figure>\n\n\n\n<p>00:00 Intro<br>00:26 Modern Jewish Sounds<br>02:01 Traditional tunes with family on holidays<br>04:27 Kibbutz Gazit and a grandmother&#8217;s legacy<br>08:35 The special role of musical &#8222;lament&#8220;<br>11:02 Writing in Hebrew versus writing in English<br>13:01 Has orthodox fashion had an influence?<br>16:10 Attitude towards fashion today<br>17:16 Interplay between opposing moods: rooted in Judaism?<br>20:01 Experience on stage in Germany<br>21:48 Silliness grounded in melancholic world view<br>22:55 Credits<\/p>\n\n\n\n<div style=\"height:25px\" aria-hidden=\"true\" class=\"wp-block-spacer\"><\/div>\n\n\n\n<p>Das Video auf YouTube anschauen: <a rel=\"noreferrer noopener\" href=\"https:\/\/youtu.be\/LyCN5-PU5lI\" target=\"_blank\">https:\/\/youtu.be\/LyCN5-PU5lI<\/a> mit Untertiteln (Englisch und Deutsch)<\/p>\n\n\n\n<div style=\"height:50px\" aria-hidden=\"true\" class=\"wp-block-spacer\"><\/div>\n\n\n\n<p><\/p>\n","protected":false},"excerpt":{"rendered":"<p>Came,<br \/>\nSang,<br \/>\nand Conquered!<\/p>\n","protected":false},"author":2,"featured_media":3247,"comment_status":"closed","ping_status":"closed","sticky":false,"template":"","format":"standard","meta":{"footnotes":""},"categories":[3],"tags":[],"class_list":["post-3284","post","type-post","status-publish","format-standard","has-post-thumbnail","hentry","category-projekte"],"_links":{"self":[{"href":"https:\/\/www.brodtfoundation.org\/de\/wp-json\/wp\/v2\/posts\/3284","targetHints":{"allow":["GET"]}}],"collection":[{"href":"https:\/\/www.brodtfoundation.org\/de\/wp-json\/wp\/v2\/posts"}],"about":[{"href":"https:\/\/www.brodtfoundation.org\/de\/wp-json\/wp\/v2\/types\/post"}],"author":[{"embeddable":true,"href":"https:\/\/www.brodtfoundation.org\/de\/wp-json\/wp\/v2\/users\/2"}],"replies":[{"embeddable":true,"href":"https:\/\/www.brodtfoundation.org\/de\/wp-json\/wp\/v2\/comments?post=3284"}],"version-history":[{"count":28,"href":"https:\/\/www.brodtfoundation.org\/de\/wp-json\/wp\/v2\/posts\/3284\/revisions"}],"predecessor-version":[{"id":3643,"href":"https:\/\/www.brodtfoundation.org\/de\/wp-json\/wp\/v2\/posts\/3284\/revisions\/3643"}],"wp:featuredmedia":[{"embeddable":true,"href":"https:\/\/www.brodtfoundation.org\/de\/wp-json\/wp\/v2\/media\/3247"}],"wp:attachment":[{"href":"https:\/\/www.brodtfoundation.org\/de\/wp-json\/wp\/v2\/media?parent=3284"}],"wp:term":[{"taxonomy":"category","embeddable":true,"href":"https:\/\/www.brodtfoundation.org\/de\/wp-json\/wp\/v2\/categories?post=3284"},{"taxonomy":"post_tag","embeddable":true,"href":"https:\/\/www.brodtfoundation.org\/de\/wp-json\/wp\/v2\/tags?post=3284"}],"curies":[{"name":"wp","href":"https:\/\/api.w.org\/{rel}","templated":true}]}}