{"id":3362,"date":"2022-03-22T17:06:24","date_gmt":"2022-03-22T16:06:24","guid":{"rendered":"https:\/\/www.brodtfoundation.org\/de\/?p=3362"},"modified":"2022-03-22T17:06:24","modified_gmt":"2022-03-22T16:06:24","slug":"das-poesiealbum-von-eva-goldberg","status":"publish","type":"post","link":"https:\/\/www.brodtfoundation.org\/de\/das-poesiealbum-von-eva-goldberg\/","title":{"rendered":"Das Poesiealbum von Eva Goldberg"},"content":{"rendered":"\n<p>Leiderman, Lauren<\/p>\n\n\n\n<p>Hentrich &amp; Hentrich, Leipzig 2021<\/p>\n\n\n\n<p><em>Das Buch, das ihr gleich lesen werdet, ist eine Geschichte \u00fcber die Gemeinschaft, die Freundschaft, die Hoffnung und die Tapferkeit, die ein kleines j\u00fcdisches M\u00e4dchen umgab, das im \u201eDritten Reich\u201c aufwuchs. Eva Goldberg wurde in G\u00f6rlitz geboren und wuchs dort auf. Sie hatte eine wunderbare Kindheit, bis das Regime ihre Realit\u00e4t zerriss. Ihr Vater Max Goldberg schenkte ihr ein wundersch\u00f6n gebundenes \u201ePoesiealbum\u201c, um der kleinen Eva zu helfen, mit der sich schnell ver\u00e4ndernden Welt um sie herum zurechtzukommen. Auf den Seiten dieses Buches konnte Eva eine physische Erinnerung an Ihre Freunde und Familie festhalten, von denen einige, wie Anne Frank, der Welt heute sehr vertraut sind.&nbsp;<\/em><\/p>\n\n\n\n<p><em>In diesem Buch wird euch die unglaubliche Reise der Familie Goldberg gezeigt: ihre Flucht, ihr Kampf und ihr neues Leben. Mit der Lekt\u00fcre dieses Buches tragt ihr dazu bei, die Erinnerung an diese Menschen und ihre Geschichte lebendig zu halten. M\u00f6ge jeder von ihnen ein Segen f\u00fcr euch sein.<\/em><\/p>\n","protected":false},"excerpt":{"rendered":"<p>Leiderman, Lauren Hentrich &amp; Hentrich, Leipzig 2021 Das Buch, das ihr gleich lesen werdet, ist eine Geschichte \u00fcber die Gemeinschaft, die Freundschaft, die Hoffnung und die Tapferkeit, die ein kleines j\u00fcdisches M\u00e4dchen umgab, das im \u201eDritten Reich\u201c aufwuchs. Eva Goldberg wurde in G\u00f6rlitz geboren und wuchs dort auf. Sie hatte eine wunderbare Kindheit, bis das [&hellip;]<\/p>\n","protected":false},"author":5,"featured_media":3361,"comment_status":"closed","ping_status":"closed","sticky":false,"template":"","format":"standard","meta":{"footnotes":""},"categories":[1,10],"tags":[],"class_list":["post-3362","post","type-post","status-publish","format-standard","has-post-thumbnail","hentry","category-allgemein","category-jugendbuecher"],"_links":{"self":[{"href":"https:\/\/www.brodtfoundation.org\/de\/wp-json\/wp\/v2\/posts\/3362","targetHints":{"allow":["GET"]}}],"collection":[{"href":"https:\/\/www.brodtfoundation.org\/de\/wp-json\/wp\/v2\/posts"}],"about":[{"href":"https:\/\/www.brodtfoundation.org\/de\/wp-json\/wp\/v2\/types\/post"}],"author":[{"embeddable":true,"href":"https:\/\/www.brodtfoundation.org\/de\/wp-json\/wp\/v2\/users\/5"}],"replies":[{"embeddable":true,"href":"https:\/\/www.brodtfoundation.org\/de\/wp-json\/wp\/v2\/comments?post=3362"}],"version-history":[{"count":1,"href":"https:\/\/www.brodtfoundation.org\/de\/wp-json\/wp\/v2\/posts\/3362\/revisions"}],"predecessor-version":[{"id":3363,"href":"https:\/\/www.brodtfoundation.org\/de\/wp-json\/wp\/v2\/posts\/3362\/revisions\/3363"}],"wp:featuredmedia":[{"embeddable":true,"href":"https:\/\/www.brodtfoundation.org\/de\/wp-json\/wp\/v2\/media\/3361"}],"wp:attachment":[{"href":"https:\/\/www.brodtfoundation.org\/de\/wp-json\/wp\/v2\/media?parent=3362"}],"wp:term":[{"taxonomy":"category","embeddable":true,"href":"https:\/\/www.brodtfoundation.org\/de\/wp-json\/wp\/v2\/categories?post=3362"},{"taxonomy":"post_tag","embeddable":true,"href":"https:\/\/www.brodtfoundation.org\/de\/wp-json\/wp\/v2\/tags?post=3362"}],"curies":[{"name":"wp","href":"https:\/\/api.w.org\/{rel}","templated":true}]}}