{"id":3649,"date":"2023-05-02T17:58:40","date_gmt":"2023-05-02T15:58:40","guid":{"rendered":"https:\/\/www.brodtfoundation.org\/de\/?p=3649"},"modified":"2023-05-02T17:58:40","modified_gmt":"2023-05-02T15:58:40","slug":"ich-ueberlebte-ein-maedchen-auf-schindlers-liste","status":"publish","type":"post","link":"https:\/\/www.brodtfoundation.org\/de\/ich-ueberlebte-ein-maedchen-auf-schindlers-liste\/","title":{"rendered":"Ich \u00fcberlebte. Ein M\u00e4dchen auf Schindlers Liste"},"content":{"rendered":"\n<p>Hanser Verlag, Berlin 2022<\/p>\n\n\n\n<p>Finder, Rena \/ Greene, M. Joshua<\/p>\n\n\n\n<p><em>Zum Inhalt:<\/em><em> Die Autorin Rena Finder geh\u00f6rt zu den Geretteten Oskar Schindlers.&nbsp;<\/em><\/p>\n\n\n\n<p><em>Als die Deutschen Polen \u00fcberfielen, war sie zehn Jahre alt. Sie kam ins Krakauer Ghetto, sp\u00e4ter, als dieses 1942 geschlossen wurde, rettet ein Arbeitsplatz bei Schindler ihr Leben und auch das der Mutter. Rena Finder stellt in ihrem Buch an die jungen Leser und Leserinnen Fragen, die nach einem wachen Verstand verlangen: \u201eWelche Geschichte ist die wahre Geschichte? Ist es die, \u00fcber die wir in den Geschichtsb\u00fcchern lesen? Die Geschichte, die wir in Filmen sehen? Die Geschichte, die uns von \u00dcberlebenden erz\u00e4hlt wird?\u201c<\/em><\/p>\n\n\n\n<div class=\"wp-block-group\"><div class=\"wp-block-group__inner-container is-layout-constrained wp-block-group-is-layout-constrained\">\n<div class=\"wp-block-columns is-layout-flex wp-container-core-columns-is-layout-9d6595d7 wp-block-columns-is-layout-flex\">\n<div class=\"wp-block-column is-layout-flow wp-block-column-is-layout-flow\" style=\"flex-basis:100%\"><div class=\"wp-block-image\">\n<figure class=\"alignleft size-large is-resized\"><img loading=\"lazy\" decoding=\"async\" src=\"https:\/\/www.brodtfoundation.org\/de\/wp-content\/uploads\/sites\/3\/2023\/05\/ich-ueberlebte-488x750.jpeg\" alt=\"\" class=\"wp-image-3650\" width=\"172\" height=\"265\" srcset=\"https:\/\/www.brodtfoundation.org\/de\/wp-content\/uploads\/sites\/3\/2023\/05\/ich-ueberlebte-488x750.jpeg 488w, https:\/\/www.brodtfoundation.org\/de\/wp-content\/uploads\/sites\/3\/2023\/05\/ich-ueberlebte-400x614.jpeg 400w, https:\/\/www.brodtfoundation.org\/de\/wp-content\/uploads\/sites\/3\/2023\/05\/ich-ueberlebte-768x1179.jpeg 768w, https:\/\/www.brodtfoundation.org\/de\/wp-content\/uploads\/sites\/3\/2023\/05\/ich-ueberlebte-1000x1536.jpeg 1000w, https:\/\/www.brodtfoundation.org\/de\/wp-content\/uploads\/sites\/3\/2023\/05\/ich-ueberlebte-1334x2048.jpeg 1334w, https:\/\/www.brodtfoundation.org\/de\/wp-content\/uploads\/sites\/3\/2023\/05\/ich-ueberlebte.jpeg 1600w\" sizes=\"auto, (max-width: 172px) 100vw, 172px\" \/><\/figure>\n<\/div><\/div>\n<\/div>\n<\/div><\/div>\n","protected":false},"excerpt":{"rendered":"<p>Hanser Verlag, Berlin 2022 Finder, Rena \/ Greene, M. Joshua Zum Inhalt: Die Autorin Rena Finder geh\u00f6rt zu den Geretteten Oskar Schindlers.&nbsp; Als die Deutschen Polen \u00fcberfielen, war sie zehn Jahre alt. Sie kam ins Krakauer Ghetto, sp\u00e4ter, als dieses 1942 geschlossen wurde, rettet ein Arbeitsplatz bei Schindler ihr Leben und auch das der Mutter. [&hellip;]<\/p>\n","protected":false},"author":5,"featured_media":0,"comment_status":"closed","ping_status":"closed","sticky":false,"template":"","format":"standard","meta":{"footnotes":""},"categories":[2],"tags":[],"class_list":["post-3649","post","type-post","status-publish","format-standard","hentry","category-news"],"_links":{"self":[{"href":"https:\/\/www.brodtfoundation.org\/de\/wp-json\/wp\/v2\/posts\/3649","targetHints":{"allow":["GET"]}}],"collection":[{"href":"https:\/\/www.brodtfoundation.org\/de\/wp-json\/wp\/v2\/posts"}],"about":[{"href":"https:\/\/www.brodtfoundation.org\/de\/wp-json\/wp\/v2\/types\/post"}],"author":[{"embeddable":true,"href":"https:\/\/www.brodtfoundation.org\/de\/wp-json\/wp\/v2\/users\/5"}],"replies":[{"embeddable":true,"href":"https:\/\/www.brodtfoundation.org\/de\/wp-json\/wp\/v2\/comments?post=3649"}],"version-history":[{"count":1,"href":"https:\/\/www.brodtfoundation.org\/de\/wp-json\/wp\/v2\/posts\/3649\/revisions"}],"predecessor-version":[{"id":3651,"href":"https:\/\/www.brodtfoundation.org\/de\/wp-json\/wp\/v2\/posts\/3649\/revisions\/3651"}],"wp:attachment":[{"href":"https:\/\/www.brodtfoundation.org\/de\/wp-json\/wp\/v2\/media?parent=3649"}],"wp:term":[{"taxonomy":"category","embeddable":true,"href":"https:\/\/www.brodtfoundation.org\/de\/wp-json\/wp\/v2\/categories?post=3649"},{"taxonomy":"post_tag","embeddable":true,"href":"https:\/\/www.brodtfoundation.org\/de\/wp-json\/wp\/v2\/tags?post=3649"}],"curies":[{"name":"wp","href":"https:\/\/api.w.org\/{rel}","templated":true}]}}