{"id":3654,"date":"2023-05-02T18:14:20","date_gmt":"2023-05-02T16:14:20","guid":{"rendered":"https:\/\/www.brodtfoundation.org\/de\/?p=3654"},"modified":"2023-05-02T18:14:20","modified_gmt":"2023-05-02T16:14:20","slug":"israel-und-palaestina","status":"publish","type":"post","link":"https:\/\/www.brodtfoundation.org\/de\/israel-und-palaestina\/","title":{"rendered":"Israel und Pal\u00e4stina"},"content":{"rendered":"\n<p>Grigorieff, Vladimir; de Bruxelles Abdel, <em>Jacoby Verlag, Berlin 2018<\/em><\/p>\n\n\n\n<p><em>Verlagstext:<\/em><em> Keine L\u00f6sung ist absehbar f\u00fcr den Konflikt zwischen den Juden Israels und den Pal\u00e4stinensern. Nach fast zweitausend Jahren Exil und Verfolgung, nach der Shoah (hebr\u00e4isch f\u00fcr Katastrophe), der Ermordung der meisten Juden Europas, haben die Juden im Staat Israel eine nationale Heimstadt, einen sicheren Ort gefunden. Allerdings auf Kosten der Pal\u00e4stinenser, f\u00fcr die ihre Vertreibung aus der angestammten Heimat bis heute die Nakba (arabisch f\u00fcr Katastrophe) ist. Beide haben ihre Rechte, aber diese Rechte sind unvereinbar. Dieses Buch erkl\u00e4rt die unvers\u00f6hnlichen Standpunkte beider Seiten, aber es zeigt keine L\u00f6sung auf und es f\u00e4llt auch keine moralischen Urteile. Die einzige Hoffnung, die es bereith\u00e4lt, ist die, dass in der Geschichte nichts vorhersehbar ist.<\/em><\/p>\n\n\n\n<figure class=\"wp-block-image size-large is-resized\"><img loading=\"lazy\" decoding=\"async\" src=\"https:\/\/www.brodtfoundation.org\/de\/wp-content\/uploads\/sites\/3\/2023\/05\/Israel-und-Palaestina-509x750.jpeg\" alt=\"\" class=\"wp-image-3655\" width=\"171\" height=\"252\" srcset=\"https:\/\/www.brodtfoundation.org\/de\/wp-content\/uploads\/sites\/3\/2023\/05\/Israel-und-Palaestina-509x750.jpeg 509w, https:\/\/www.brodtfoundation.org\/de\/wp-content\/uploads\/sites\/3\/2023\/05\/Israel-und-Palaestina-400x590.jpeg 400w, https:\/\/www.brodtfoundation.org\/de\/wp-content\/uploads\/sites\/3\/2023\/05\/Israel-und-Palaestina.jpeg 593w\" sizes=\"auto, (max-width: 171px) 100vw, 171px\" \/><\/figure>\n","protected":false},"excerpt":{"rendered":"<p>Grigorieff, Vladimir; de Bruxelles Abdel, Jacoby Verlag, Berlin 2018 Verlagstext: Keine L\u00f6sung ist absehbar f\u00fcr den Konflikt zwischen den Juden Israels und den Pal\u00e4stinensern. Nach fast zweitausend Jahren Exil und Verfolgung, nach der Shoah (hebr\u00e4isch f\u00fcr Katastrophe), der Ermordung der meisten Juden Europas, haben die Juden im Staat Israel eine nationale Heimstadt, einen sicheren Ort [&hellip;]<\/p>\n","protected":false},"author":5,"featured_media":0,"comment_status":"closed","ping_status":"closed","sticky":false,"template":"","format":"standard","meta":{"footnotes":""},"categories":[2],"tags":[],"class_list":["post-3654","post","type-post","status-publish","format-standard","hentry","category-news"],"_links":{"self":[{"href":"https:\/\/www.brodtfoundation.org\/de\/wp-json\/wp\/v2\/posts\/3654","targetHints":{"allow":["GET"]}}],"collection":[{"href":"https:\/\/www.brodtfoundation.org\/de\/wp-json\/wp\/v2\/posts"}],"about":[{"href":"https:\/\/www.brodtfoundation.org\/de\/wp-json\/wp\/v2\/types\/post"}],"author":[{"embeddable":true,"href":"https:\/\/www.brodtfoundation.org\/de\/wp-json\/wp\/v2\/users\/5"}],"replies":[{"embeddable":true,"href":"https:\/\/www.brodtfoundation.org\/de\/wp-json\/wp\/v2\/comments?post=3654"}],"version-history":[{"count":1,"href":"https:\/\/www.brodtfoundation.org\/de\/wp-json\/wp\/v2\/posts\/3654\/revisions"}],"predecessor-version":[{"id":3656,"href":"https:\/\/www.brodtfoundation.org\/de\/wp-json\/wp\/v2\/posts\/3654\/revisions\/3656"}],"wp:attachment":[{"href":"https:\/\/www.brodtfoundation.org\/de\/wp-json\/wp\/v2\/media?parent=3654"}],"wp:term":[{"taxonomy":"category","embeddable":true,"href":"https:\/\/www.brodtfoundation.org\/de\/wp-json\/wp\/v2\/categories?post=3654"},{"taxonomy":"post_tag","embeddable":true,"href":"https:\/\/www.brodtfoundation.org\/de\/wp-json\/wp\/v2\/tags?post=3654"}],"curies":[{"name":"wp","href":"https:\/\/api.w.org\/{rel}","templated":true}]}}