{"id":3672,"date":"2023-05-02T19:24:22","date_gmt":"2023-05-02T17:24:22","guid":{"rendered":"https:\/\/www.brodtfoundation.org\/de\/?p=3672"},"modified":"2023-05-02T19:24:22","modified_gmt":"2023-05-02T17:24:22","slug":"lchaim-merle-juedisches-leben-in-berlin","status":"publish","type":"post","link":"https:\/\/www.brodtfoundation.org\/de\/lchaim-merle-juedisches-leben-in-berlin\/","title":{"rendered":"L\u2019chaim, Merle! J\u00fcdisches Leben in Berlin"},"content":{"rendered":"\n<p>Lezzi, Eva \/ Florian Schmeling, <em>Berliner Landeszentrale f\u00fcr politische Bildung, Berlin 2022<\/em><\/p>\n\n\n\n<p><em>Berliner Landeszentrale f\u00fcr politische Bildung: \u201eIn dem Heft \u201eL\u2019chaim, Merle!\u201c f\u00fcr Kinder und Jugendliche erz\u00e4hlt die Autorin Eva Lezzi eine fiktive Geschichte \u00fcber j\u00fcdisches Leben in Berlin. Merle ist eine junge Berlinerin mit j\u00fcdischem Urgro\u00dfvater, Yoram ein junger, hier lebender Israeli \u2013 sie sind die beiden Hauptfiguren. Dann gibt es in der Geschichte eine gefl\u00fcchtete Familie aus der Ukraine. Die elfj\u00e4hrige Natalia findet in Valentin einen Freund. Valentins Eltern kamen als sogenannte Kontingentfl\u00fcchtlinge aus Russland nach Berlin, er selbst ist bereits in Berlin geboren. Der kleine orthodoxe Simon wiederum liebt eine schwarze Katze, die frei durch alle Schaupl\u00e4tze der Geschichte spaziert.\u201c<\/em><\/p>\n\n\n\n<figure class=\"wp-block-image size-large is-resized\"><img loading=\"lazy\" decoding=\"async\" src=\"https:\/\/www.brodtfoundation.org\/de\/wp-content\/uploads\/sites\/3\/2018\/11\/LChaim_Merle-525x750.jpeg\" alt=\"\" class=\"wp-image-3671\" width=\"197\" height=\"282\" srcset=\"https:\/\/www.brodtfoundation.org\/de\/wp-content\/uploads\/sites\/3\/2018\/11\/LChaim_Merle-525x750.jpeg 525w, https:\/\/www.brodtfoundation.org\/de\/wp-content\/uploads\/sites\/3\/2018\/11\/LChaim_Merle-400x571.jpeg 400w, https:\/\/www.brodtfoundation.org\/de\/wp-content\/uploads\/sites\/3\/2018\/11\/LChaim_Merle-768x1097.jpeg 768w, https:\/\/www.brodtfoundation.org\/de\/wp-content\/uploads\/sites\/3\/2018\/11\/LChaim_Merle.jpeg 992w\" sizes=\"auto, (max-width: 197px) 100vw, 197px\" \/><\/figure>\n","protected":false},"excerpt":{"rendered":"<p>Lezzi, Eva \/ Florian Schmeling, Berliner Landeszentrale f\u00fcr politische Bildung, Berlin 2022 Berliner Landeszentrale f\u00fcr politische Bildung: \u201eIn dem Heft \u201eL\u2019chaim, Merle!\u201c f\u00fcr Kinder und Jugendliche erz\u00e4hlt die Autorin Eva Lezzi eine fiktive Geschichte \u00fcber j\u00fcdisches Leben in Berlin. Merle ist eine junge Berlinerin mit j\u00fcdischem Urgro\u00dfvater, Yoram ein junger, hier lebender Israeli \u2013 sie [&hellip;]<\/p>\n","protected":false},"author":5,"featured_media":0,"comment_status":"closed","ping_status":"closed","sticky":false,"template":"","format":"standard","meta":{"footnotes":""},"categories":[2],"tags":[],"class_list":["post-3672","post","type-post","status-publish","format-standard","hentry","category-news"],"_links":{"self":[{"href":"https:\/\/www.brodtfoundation.org\/de\/wp-json\/wp\/v2\/posts\/3672","targetHints":{"allow":["GET"]}}],"collection":[{"href":"https:\/\/www.brodtfoundation.org\/de\/wp-json\/wp\/v2\/posts"}],"about":[{"href":"https:\/\/www.brodtfoundation.org\/de\/wp-json\/wp\/v2\/types\/post"}],"author":[{"embeddable":true,"href":"https:\/\/www.brodtfoundation.org\/de\/wp-json\/wp\/v2\/users\/5"}],"replies":[{"embeddable":true,"href":"https:\/\/www.brodtfoundation.org\/de\/wp-json\/wp\/v2\/comments?post=3672"}],"version-history":[{"count":1,"href":"https:\/\/www.brodtfoundation.org\/de\/wp-json\/wp\/v2\/posts\/3672\/revisions"}],"predecessor-version":[{"id":3673,"href":"https:\/\/www.brodtfoundation.org\/de\/wp-json\/wp\/v2\/posts\/3672\/revisions\/3673"}],"wp:attachment":[{"href":"https:\/\/www.brodtfoundation.org\/de\/wp-json\/wp\/v2\/media?parent=3672"}],"wp:term":[{"taxonomy":"category","embeddable":true,"href":"https:\/\/www.brodtfoundation.org\/de\/wp-json\/wp\/v2\/categories?post=3672"},{"taxonomy":"post_tag","embeddable":true,"href":"https:\/\/www.brodtfoundation.org\/de\/wp-json\/wp\/v2\/tags?post=3672"}],"curies":[{"name":"wp","href":"https:\/\/api.w.org\/{rel}","templated":true}]}}