{"id":382,"date":"2018-07-06T18:57:27","date_gmt":"2018-07-06T16:57:27","guid":{"rendered":"https:\/\/www.brodtfoundation.org\/de\/?p=382"},"modified":"2019-03-15T12:40:04","modified_gmt":"2019-03-15T11:40:04","slug":"jugendmedientage-jmt17","status":"publish","type":"post","link":"https:\/\/www.brodtfoundation.org\/de\/jugendmedientage-jmt17\/","title":{"rendered":"JMT17"},"content":{"rendered":"<h2 class=\"Text\"><span lang=\"DE\">Jugendmedientage 2017<\/span><\/h2>\n<p class=\"Text\"><span lang=\"DE\">Die Brodt Foundation ist Partner der Jugendmedientage, einer der gr\u00f6\u00dften Kongresse f\u00fcr junge Medienmachende in Deutschland. Mehr als 400 Nachwuchsjournalist*innen zwischen 16 und 27 Jahren kommen zusammen, um gemeinsam Medienarbeit zu betreiben. <\/span> <span lang=\"DE\">Zum Thema &#8222;Behind the Scenes: die bewusste Inszenierung der Medien\u201c f\u00f6rderte die Brodt Foundation eine vertiefende Auseinandersetzung mit politischen und interkulturellen Themen in den Bereichen Integration, Vielfalt und Interkulturalit\u00e4t. <\/span><!--more--><\/p>\n<p class=\"Text\"><span lang=\"DE\">Die Teilnehmer k\u00f6nnen in Erz\u00e4hlcaf<\/span><span lang=\"FR\">\u00e9<\/span><span lang=\"DE\">s, Mini-Workshops, Intensiv-Workshops, Podiumsdiskussionen und Dialoginseln Profis aus der Medienbranche auf den Zahn f\u00fchlen. Medienpolitische und -ethische Fragestellungen werden in den Fokus ger\u00fcckt, um das Bewusstsein und den Weitblick der Teilnehmenden f\u00fcr relevante gesellschaftliche Entwicklungen zu sch\u00e4rfen und ihre F\u00e4higkeit, genau zu reflektieren, zu st\u00e4rken. Die JMT kreieren Raum f\u00fcr <\/span><span lang=\"DE\">Informationen, Austausch und Vernetzung. Im Fokus steht dabei die St\u00e4rkung der Zivilgesellschaft und Demokratie.<\/span><\/p>\n<p class=\"Text\"><span lang=\"DE\">\u00a0<\/span><\/p>\n<p class=\"Text\"><span lang=\"DE\">Die Brodt Foundation beteiligte sich im Rahmen der JMT 2017 mit einem Workshop unter der Leitung des Politik- und Medienwissenschaftlers sowie Historikers Dr. Oren Osterer zum Thema &#8222;Agenda-Setting &#8211; Totgeglaubt und wiederauferstanden!?&#8220; sowie mit der Teilnahme der BR\/ARD Investigativ-Journalistin Sabina Wolf am Diskussionspanel zum Thema \u201ePostfaktisch &#8211; Fake News &#8211; Hatespeech: Die Rolle des Internets im Populismus\u201c<\/span><\/p>\n<p class=\"Text\"><span lang=\"DE\">\u00a0<\/span><span lang=\"DE\">Tr\u00e4ger und Veranstalter des Projekts ist die Jugendpresse Deutschland e.V. als Bundesverband f\u00fcr Junge Medienmachende. Die Jugendmedientage schaffen Raum f\u00fcr intensive Begegnungen zwischen dem Nachwuchs und Profis aus Medien und Politik. Mit ihrer gesamten Angebotspalette erreicht der Jugendpresse Deutschland e.V. rund 15.000 junge Medienmachende zwischen 7 und 27 Jahren. Hinter dem Dachverband steht eine bestens vernetzte Struktur aus 15 Landesverb\u00e4nden, Projektteams und zahlreichen aktiven Mitgliedern. Der gr\u00f6\u00dfte Teil der Arbeit wird durch ehrenamtliches Engagement getragen \u2013 immer von Jugendlichen f\u00fcr Jugendliche.<\/span><\/p>\n<p><img loading=\"lazy\" decoding=\"async\" class=\"alignnone size-medium wp-image-383\" src=\"https:\/\/www.brodtfoundation.org\/de\/wp-content\/uploads\/sites\/3\/2018\/07\/Screen-Shot-2017-12-15-at-18.10.16-400x186.jpg\" alt=\"\" width=\"400\" height=\"186\" srcset=\"https:\/\/www.brodtfoundation.org\/de\/wp-content\/uploads\/sites\/3\/2018\/07\/Screen-Shot-2017-12-15-at-18.10.16-400x186.jpg 400w, https:\/\/www.brodtfoundation.org\/de\/wp-content\/uploads\/sites\/3\/2018\/07\/Screen-Shot-2017-12-15-at-18.10.16-768x357.jpg 768w, https:\/\/www.brodtfoundation.org\/de\/wp-content\/uploads\/sites\/3\/2018\/07\/Screen-Shot-2017-12-15-at-18.10.16-1000x464.jpg 1000w, https:\/\/www.brodtfoundation.org\/de\/wp-content\/uploads\/sites\/3\/2018\/07\/Screen-Shot-2017-12-15-at-18.10.16.jpg 1828w\" sizes=\"auto, (max-width: 400px) 100vw, 400px\" \/><\/p>\n<p><img loading=\"lazy\" decoding=\"async\" class=\"alignnone size-medium wp-image-880\" src=\"https:\/\/www.brodtfoundation.org\/de\/wp-content\/uploads\/sites\/3\/2018\/12\/IMG_0639-272x400.jpg\" alt=\"\" width=\"272\" height=\"400\" srcset=\"https:\/\/www.brodtfoundation.org\/de\/wp-content\/uploads\/sites\/3\/2018\/12\/IMG_0639-272x400.jpg 272w, https:\/\/www.brodtfoundation.org\/de\/wp-content\/uploads\/sites\/3\/2018\/12\/IMG_0639-510x750.jpg 510w, https:\/\/www.brodtfoundation.org\/de\/wp-content\/uploads\/sites\/3\/2018\/12\/IMG_0639.jpg 586w\" sizes=\"auto, (max-width: 272px) 100vw, 272px\" \/><\/p>\n","protected":false},"excerpt":{"rendered":"<p>Die Brodt Foundation ist Partner der Jugendmedientage 2017<\/p>\n","protected":false},"author":2,"featured_media":738,"comment_status":"closed","ping_status":"closed","sticky":false,"template":"","format":"standard","meta":{"footnotes":""},"categories":[3],"tags":[],"class_list":["post-382","post","type-post","status-publish","format-standard","has-post-thumbnail","hentry","category-projekte"],"_links":{"self":[{"href":"https:\/\/www.brodtfoundation.org\/de\/wp-json\/wp\/v2\/posts\/382","targetHints":{"allow":["GET"]}}],"collection":[{"href":"https:\/\/www.brodtfoundation.org\/de\/wp-json\/wp\/v2\/posts"}],"about":[{"href":"https:\/\/www.brodtfoundation.org\/de\/wp-json\/wp\/v2\/types\/post"}],"author":[{"embeddable":true,"href":"https:\/\/www.brodtfoundation.org\/de\/wp-json\/wp\/v2\/users\/2"}],"replies":[{"embeddable":true,"href":"https:\/\/www.brodtfoundation.org\/de\/wp-json\/wp\/v2\/comments?post=382"}],"version-history":[{"count":14,"href":"https:\/\/www.brodtfoundation.org\/de\/wp-json\/wp\/v2\/posts\/382\/revisions"}],"predecessor-version":[{"id":1324,"href":"https:\/\/www.brodtfoundation.org\/de\/wp-json\/wp\/v2\/posts\/382\/revisions\/1324"}],"wp:featuredmedia":[{"embeddable":true,"href":"https:\/\/www.brodtfoundation.org\/de\/wp-json\/wp\/v2\/media\/738"}],"wp:attachment":[{"href":"https:\/\/www.brodtfoundation.org\/de\/wp-json\/wp\/v2\/media?parent=382"}],"wp:term":[{"taxonomy":"category","embeddable":true,"href":"https:\/\/www.brodtfoundation.org\/de\/wp-json\/wp\/v2\/categories?post=382"},{"taxonomy":"post_tag","embeddable":true,"href":"https:\/\/www.brodtfoundation.org\/de\/wp-json\/wp\/v2\/tags?post=382"}],"curies":[{"name":"wp","href":"https:\/\/api.w.org\/{rel}","templated":true}]}}