{"id":479,"date":"2018-11-09T13:23:39","date_gmt":"2018-11-09T12:23:39","guid":{"rendered":"https:\/\/www.brodtfoundation.org\/de\/?p=479"},"modified":"2025-02-18T16:18:48","modified_gmt":"2025-02-18T15:18:48","slug":"jugendbuecher","status":"publish","type":"post","link":"https:\/\/www.brodtfoundation.org\/de\/jugendbuecher\/","title":{"rendered":"Jugendb\u00fccher"},"content":{"rendered":"\n<figure class=\"wp-block-table\"><table><tbody><tr><td><img loading=\"lazy\" decoding=\"async\" width=\"200\" height=\"286\" class=\"wp-image-3404\" style=\"width: 80px\" src=\"https:\/\/www.brodtfoundation.org\/de\/wp-content\/uploads\/sites\/3\/2018\/11\/Tams-Reise-durch-die-ju\u0308dische-Ma\u0308rchenwelt.jpeg\" alt=\"\"><\/td><td>Abeles, Siegfried:<br><strong><a href=\"https:\/\/www.brodtfoundation.org\/de\/tams-reise-durch-die-juedische-maerchenwelt-fuenfundzwanzig-kindermaerchen-nach-juedisch-volkstuemlichen-motiven\/\" data-type=\"URL\" data-id=\"https:\/\/www.brodtfoundation.org\/de\/tams-reise-durch-die-juedische-maerchenwelt-fuenfundzwanzig-kindermaerchen-nach-juedisch-volkstuemlichen-motiven\/\" target=\"_blank\" rel=\"noreferrer noopener\">Tams Reise durch die j\u00fcdische M\u00e4rchenwelt, f\u00fcnfundzwanzig Kinderm\u00e4rchen nach j\u00fcdisch-volkst\u00fcmlichen Motiven<\/a><\/strong><br><em>Gans Verlag, Berlin 2022<\/em><\/td><td><\/td><td><\/td><\/tr><tr><td><a href=\"https:\/\/www.brodtfoundation.org\/de\/der-sommer-von-aviha\/\"><img loading=\"lazy\" decoding=\"async\" class=\"alignnone size-full wp-image-1099\" src=\"https:\/\/www.brodtfoundation.org\/de\/wp-content\/uploads\/sites\/3\/2019\/03\/Buchcover-Der-Sommer-von-Aviha-S.png\" alt=\"\" width=\"80\" height=\"123\"><\/a><\/td><td><span style=\"font-size: 10pt\">Almagor, Gila:<\/span><br><a href=\"https:\/\/www.brodtfoundation.org\/de\/der-sommer-von-aviha\/\"><strong>Der Sommer von Aviha<\/strong><\/a><br><em><span style=\"font-size: 10pt\">dtv, M\u00fcnchen 1998<\/span><\/em><\/td><td><\/td><td><\/td><\/tr><tr><td><img loading=\"lazy\" decoding=\"async\" width=\"300\" height=\"511\" class=\"wp-image-3091\" style=\"width: 80px\" src=\"https:\/\/www.brodtfoundation.org\/de\/wp-content\/uploads\/sites\/3\/2018\/11\/Auf-dem-Hu\u0308gel-unter-dem-Maulbeerbaum.jpeg\" alt=\"\"><\/td><td><span style=\"font-size: 10pt\">Almagor, Gila:<\/span><b><br>Auf dem H\u00fcgel unter dem Maulbeerbaum<br><\/b><em><span style=\"font-size: 10pt\">dtv, M\u00fcnchen 1999<\/span><\/em><\/td><td><\/td><td><\/td><\/tr><tr><td><img loading=\"lazy\" decoding=\"async\" class=\"alignnone size-full wp-image-1794\" src=\"https:\/\/www.brodtfoundation.org\/de\/wp-content\/uploads\/sites\/3\/2018\/11\/Buchcover-Alex-Dafi-und-ich-S.png\" alt=\"\" width=\"80\" height=\"123\"><\/td><td><span style=\"font-size: 10pt\">Almagor, Gila:<\/span><strong><br><a href=\"https:\/\/www.brodtfoundation.org\/de\/alex-dafi-und-ich\">Alex, Dafi und ich &#8211; Ein Roman \u00fcber die Freundschaft<\/a><\/strong><br><em><span style=\"font-size: 10pt\">Hanser Verlag, M\u00fcnchen 2005<\/span><\/em><\/td><td><\/td><td><\/td><\/tr><tr><td><img loading=\"lazy\" decoding=\"async\" class=\"alignnone size-full wp-image-1422\" src=\"https:\/\/www.brodtfoundation.org\/de\/wp-content\/uploads\/sites\/3\/2018\/11\/Buchcover-Die-Silberkugel-S.png\" alt=\"\" width=\"80\" height=\"123\"><\/td><td><span style=\"font-size: 10pt\">Almog, Ruth:<\/span><b><strong><br>Die Silberkugel<\/strong><br><\/b><em><span style=\"font-size: 10pt\">Beltz &amp; Gelberg, Weinheim 1997<\/span><\/em><\/td><td><\/td><td><\/td><\/tr><tr><td><img loading=\"lazy\" decoding=\"async\" width=\"300\" height=\"471\" class=\"wp-image-3092\" style=\"width: 80px\" src=\"https:\/\/www.brodtfoundation.org\/de\/wp-content\/uploads\/sites\/3\/2018\/11\/Nuri.-Vom-Irak-ins-Land-der-Va\u0308ter.jpeg\" alt=\"\"><\/td><td><span style=\"font-size: 10pt\">Amir, Eli:<\/span><b><strong><br>Nuri. Vom Irak ins Land der V\u00e4ter<br><\/strong><\/b><em><span style=\"font-size: 10pt\">Alibaba Verlag, Frankfurt a. Main 1988<\/span><\/em><\/td><td><\/td><td><\/td><\/tr><tr><td><img loading=\"lazy\" decoding=\"async\" class=\"alignnone size-full wp-image-1418\" src=\"https:\/\/www.brodtfoundation.org\/de\/wp-content\/uploads\/sites\/3\/2019\/03\/Buchcover-Tirza-S.png\" alt=\"\" width=\"80\" height=\"123\"><\/td><td><span style=\"font-size: 10pt\">Asscher-Pinkhof, Clara:<\/span><b><strong><br>Tirza. Ein M\u00e4dchen im Kibbuz<br><\/strong><\/b><em><span style=\"font-size: 10pt\">Brockhaus, Wuppertal 1968<\/span><\/em><\/td><td><\/td><td><\/td><\/tr><tr><td><img loading=\"lazy\" decoding=\"async\" width=\"300\" height=\"419\" class=\"wp-image-3094\" style=\"width: 80px\" src=\"https:\/\/www.brodtfoundation.org\/de\/wp-content\/uploads\/sites\/3\/2018\/11\/Tante-Wussi.jpeg\" alt=\"\"><\/td><td><span style=\"font-size: 10pt\">Bacher, Katrin:<\/span><br><b><strong>Tante Wussi<br><\/strong><\/b><em><span style=\"font-size: 10pt\">Carlsen Verlag, Hamburg 2016<\/span><\/em><\/td><td><\/td><td><\/td><\/tr><tr><td><img loading=\"lazy\" decoding=\"async\" class=\"alignnone size-full wp-image-1446\" src=\"https:\/\/www.brodtfoundation.org\/de\/wp-content\/uploads\/sites\/3\/2018\/11\/Buchcover-Mein-erster-Sony-S.png\" alt=\"\" width=\"80\" height=\"123\"><\/td><td><span style=\"font-size: 10pt\">Barbasch, Benny:<\/span><b><strong><br><a href=\"https:\/\/www.brodtfoundation.org\/de\/mein-erster-sony\">Mein erster Sony<\/a><br><\/strong><\/b><em><span style=\"font-size: 10pt\">B\u00fcchergilde Gutenberg, Frankfurt a. Main 1997<\/span><\/em><\/td><td><\/td><td><\/td><\/tr><tr><td><img loading=\"lazy\" decoding=\"async\" class=\"alignnone size-full wp-image-2833\" src=\"https:\/\/www.brodtfoundation.org\/de\/wp-content\/uploads\/sites\/3\/2018\/11\/die-verknoepften-s.png\" alt=\"\" width=\"80\" height=\"119\"><\/td><td><span style=\"font-size: 10pt\">Behnke, Andrea:<\/span><br><b><strong><a href=\"https:\/\/www.brodtfoundation.org\/de\/die-verknoepften\">Die Verkn\u00f6pften<\/a><br><\/strong><\/b><em><span style=\"font-size: 10pt\">Ariella Verlag, Berlin 2021<\/span><\/em><\/td><td><\/td><td><\/td><\/tr><tr><td><img loading=\"lazy\" decoding=\"async\" width=\"300\" height=\"452\" class=\"wp-image-3095\" style=\"width: 80px\" src=\"https:\/\/www.brodtfoundation.org\/de\/wp-content\/uploads\/sites\/3\/2018\/11\/Der-kleine-Mausche-aus-Dessau.jpg\" alt=\"\"><\/td><td><span style=\"font-size: 10pt\">Behrens, Katja:<\/span><br><b><strong>Der kleine Mausche aus Dessau, Moses Mendelssohns Reise nach Berlin im Jahr 1743<br><\/strong><\/b><em><span style=\"font-size: 10pt\">dtv, M\u00fcnchen 2012<\/span><\/em><\/td><td><\/td><td><\/td><\/tr><tr><td><img loading=\"lazy\" decoding=\"async\" class=\"alignnone size-full wp-image-1723\" src=\"https:\/\/www.brodtfoundation.org\/de\/wp-content\/uploads\/sites\/3\/2018\/11\/Buchcover-Mein-Jerusalem-Dein-El-Kuds-S.png\" alt=\"\" width=\"80\" height=\"130\"><\/td><td><span style=\"font-size: 10pt\">Benda von, Roswitha:<\/span><b><strong><br>Mein Jerusalem &#8211; Dein El Kuds<br><\/strong><\/b><em><span style=\"font-size: 10pt\">Herder Verlag, Freiburg 1989<\/span><\/em><\/td><td><\/td><td><\/td><\/tr><tr><td><img loading=\"lazy\" decoding=\"async\" class=\"alignnone size-full wp-image-2534\" src=\"https:\/\/www.brodtfoundation.org\/de\/wp-content\/uploads\/sites\/3\/2018\/11\/Buchcover-Wann-wird-diese-H\u00f6lle-enden-S.png\" alt=\"\" width=\"80\" height=\"113\"><\/td><td><span style=\"font-size: 10pt\">Berg, Mary:<\/span><b><strong><br><a href=\"https:\/\/www.brodtfoundation.org\/de\/wann-wird-diese-haelle-enden-das-tagebuch-der-mary-berg\">&#8222;Wann wird diese H\u00f6lle enden?&#8220;, das Tagebuch der Mary Berg<\/a><br>Das M\u00e4dchen, das das Warschauer Ghetto \u00fcberlebte<br><\/strong><\/b><em><span style=\"font-size: 10pt\">Orell F\u00fcssli Verlag, Z\u00fcrich 2019<\/span><\/em><\/td><td><\/td><td><\/td><\/tr><tr><td><img loading=\"lazy\" decoding=\"async\" width=\"300\" height=\"455\" class=\"wp-image-3096\" style=\"width: 80px\" src=\"https:\/\/www.brodtfoundation.org\/de\/wp-content\/uploads\/sites\/3\/2018\/11\/Konzert-fu\u0308r-junge-Leute.jpeg\" alt=\"\"><\/td><td><span style=\"font-size: 10pt\">Bernstein, Leonard:<\/span><b><strong><br>Konzert f\u00fcr junge Leute<br><\/strong><\/b><em><span style=\"font-size: 10pt\">cbj, M\u00fcnchen 2007<\/span><\/em><\/td><td><\/td><td><\/td><\/tr><tr><td><img loading=\"lazy\" decoding=\"async\" width=\"220\" height=\"334\" class=\"wp-image-3680\" style=\"width: 80px\" src=\"https:\/\/www.brodtfoundation.org\/de\/wp-content\/uploads\/sites\/3\/2018\/11\/Ruhm-und-Verbrechen-des-Hoodie-Rosen.jpeg\" alt=\"\"><\/td><td>Blum, Isaac: <br><strong><a href=\"http:\/\/www.sueddeutsche.de\/kultur\/jugendbuch-hoodie-rosen-orthodoxe-juden-isaac-blum-rezension-1.5756849\" data-type=\"URL\" data-id=\"www.sueddeutsche.de\/kultur\/jugendbuch-hoodie-rosen-orthodoxe-juden-isaac-blum-rezension-1.5756849\" target=\"_blank\" rel=\"noreferrer noopener\">Ruhm und Verbrechen des Hoodie Rosen<\/a><\/strong><br><em>Beltz &amp; Gelberg Verlag, Weinheim 2022<\/em><\/td><td><\/td><td><\/td><\/tr><tr><td><img loading=\"lazy\" decoding=\"async\" width=\"300\" height=\"400\" class=\"wp-image-3097\" style=\"width: 80px\" src=\"https:\/\/www.brodtfoundation.org\/de\/wp-content\/uploads\/sites\/3\/2018\/11\/Alhambra.jpeg\" alt=\"\"><\/td><td><span style=\"font-size: 10pt\">Boie, Kirsten:<\/span><b><strong><br>Alhambra<br><\/strong><\/b><em><span style=\"font-size: 10pt\">Oetinger Verlag, Hamburg 2007<\/span><\/em><\/td><td><\/td><td><\/td><\/tr><tr><td><img loading=\"lazy\" decoding=\"async\" class=\"alignnone size-full wp-image-1101\" src=\"https:\/\/www.brodtfoundation.org\/de\/wp-content\/uploads\/sites\/3\/2019\/03\/Buchcover-Der-Junge-im-gestreiften-Pyjama-S.png\" alt=\"\" width=\"80\" height=\"123\"><\/td><td><span style=\"font-size: 10pt\">Boyne, John:<\/span><br><b><strong><a href=\"https:\/\/www.brodtfoundation.org\/de\/der-junge-im-gestreiften-pyjama\/\">Der Junge im gestreiften Pyjama<\/a><br><\/strong><\/b><em><span style=\"font-size: 10pt\">Fischer Verlag, Frankfurt a. Main 2009<\/span><\/em><\/td><td><\/td><td><\/td><\/tr><tr><td><img loading=\"lazy\" decoding=\"async\" width=\"300\" height=\"457\" class=\"wp-image-3086\" style=\"width: 80px\" src=\"https:\/\/www.brodtfoundation.org\/de\/wp-content\/uploads\/sites\/3\/2018\/11\/Der-Junge-auf-dem-Berg.jpeg\" alt=\"\"><\/td><td><span style=\"font-size: 10pt\">Boyne, John:<\/span><br><b><strong>Der Junge auf dem Berg<br><\/strong><\/b><em><span style=\"font-size: 10pt\">Fischer Verlag, Frankfurt a. Main 2017<\/span><\/em><\/td><td><\/td><td><\/td><\/tr><tr><td><img loading=\"lazy\" decoding=\"async\" width=\"300\" height=\"402\" class=\"wp-image-3083\" style=\"width: 80px\" src=\"https:\/\/www.brodtfoundation.org\/de\/wp-content\/uploads\/sites\/3\/2018\/11\/Spirou-die-HoffnungTeil-1.jpg\" alt=\"\"><\/td><td>Bravo, \u00c9mile: <br><strong>Spirou und Fantasio, Spezial 26, Spirou oder: die Hoffnung 1,<\/strong> <br><em><em>Carlsen Verlag, Hamburg 2019<\/em><\/em><\/td><td><\/td><td><\/td><\/tr><tr><td><img loading=\"lazy\" decoding=\"async\" width=\"300\" height=\"402\" class=\"wp-image-3084\" style=\"width: 80px\" src=\"https:\/\/www.brodtfoundation.org\/de\/wp-content\/uploads\/sites\/3\/2018\/11\/Spirou-die-HoffnungTeil-2.jpeg\" alt=\"\"><\/td><td>Bravo, \u00c9mile: <br><strong><a href=\"https:\/\/www.brodtfoundation.org\/de\/spirou-und-fantasio\/\" data-type=\"URL\" data-id=\"https:\/\/www.brodtfoundation.org\/de\/spirou-und-fantasio\/\">Spirou und Fantasio, Spezial 28, Spirou oder: die Hoffnung 2<\/a>,<\/strong><em><br>Carlsen Verlag, Hamburg 2019<\/em><\/td><td><\/td><td><\/td><\/tr><tr><td><img loading=\"lazy\" decoding=\"async\" width=\"300\" height=\"402\" class=\"wp-image-3085\" style=\"width: 80px\" src=\"https:\/\/www.brodtfoundation.org\/de\/wp-content\/uploads\/sites\/3\/2018\/11\/Spirou-die-HoffnungTeil-3.jpeg\" alt=\"\"><\/td><td>Bravo, \u00c9mile: <br><strong>Spirou und Fantasio, Spezial 34, Spirou oder: die Hoffnung 3,<\/strong> <br><em>Carlsen Verlag, Hamburg 2021<\/em><\/td><td><\/td><td><\/td><\/tr><tr><td><img loading=\"lazy\" decoding=\"async\" width=\"315\" height=\"500\" class=\"wp-image-3689\" style=\"width: 80px\" src=\"https:\/\/www.brodtfoundation.org\/de\/wp-content\/uploads\/sites\/3\/2018\/11\/Das-Maedchen-das-ein-Stueck-Welt-rettete.jpg\" alt=\"\"><\/td><td>Cameron, Sharon:<br><strong>Das M\u00e4dchen, das ein St\u00fcck Welt rettete. Nach einer wahren Geschichte <\/strong><br><em>Insel Verlag, Berlin 2020<\/em><\/td><td><\/td><td><\/td><\/tr><tr><td><img loading=\"lazy\" decoding=\"async\" width=\"300\" height=\"490\" class=\"wp-image-3098\" style=\"width: 80px\" src=\"https:\/\/www.brodtfoundation.org\/de\/wp-content\/uploads\/sites\/3\/2018\/11\/Die-Explosion-in-der-Ahalanstrasse.jpg\" alt=\"\"><\/td><td><span style=\"font-size: 10pt\">Carmi, Daniella:<\/span><b><strong><br>Die Explosion in der Ahalanstra\u00dfe<br><\/strong><\/b><em><span style=\"font-size: 10pt\">Alibaba Verlag, Frankfurt a. Main 1991<\/span><\/em><\/td><td><\/td><td><\/td><\/tr><tr><td><img loading=\"lazy\" decoding=\"async\" width=\"300\" height=\"480\" class=\"wp-image-3099\" style=\"width: 80px\" src=\"https:\/\/www.brodtfoundation.org\/de\/wp-content\/uploads\/sites\/3\/2018\/11\/Nachts-zogen-die-Zigeuner-fort.jpg\" alt=\"\"><\/td><td><span style=\"font-size: 10pt\">Carmi, Daniella:<\/span><b><strong><br>Nachts zogen die Zigeuner fort<br><\/strong><\/b><em><span style=\"font-size: 10pt\">Hanser Verlag, M\u00fcnchen 1998<\/span><\/em><\/td><td><\/td><td><\/td><\/tr><tr><td><a href=\"https:\/\/www.brodtfoundation.org\/de\/samir-und-jonathan\/\"><img loading=\"lazy\" decoding=\"async\" class=\"alignnone size-full wp-image-1072\" src=\"https:\/\/www.brodtfoundation.org\/de\/wp-content\/uploads\/sites\/3\/2019\/03\/Buchcover-Samir-und-Jonathan-S.png\" alt=\"\" width=\"80\" height=\"123\"><\/a><\/td><td><span style=\"font-size: 10pt\">Carmi, Daniella:<\/span><b><strong><br><a href=\"https:\/\/www.brodtfoundation.org\/de\/samir-und-jonathan\/\">Samir und Jonathan<\/a><br><\/strong><\/b><em><span style=\"font-size: 10pt\">Hanser Verlag, M\u00fcnchen 2000<\/span><\/em><\/td><td><\/td><td><\/td><\/tr><tr><td><img loading=\"lazy\" decoding=\"async\" width=\"300\" height=\"478\" class=\"wp-image-3100\" style=\"width: 80px\" src=\"https:\/\/www.brodtfoundation.org\/de\/wp-content\/uploads\/sites\/3\/2018\/11\/Bianka-der-Geist.jpeg\" alt=\"\"><\/td><td><span style=\"font-size: 10pt\">Carmi, Daniella:<\/span><b><strong><br>Bianka, der Geist<br><\/strong><\/b><em><span style=\"font-size: 10pt\">Hanser Verlag, M\u00fcnchen 2003<\/span><\/em><\/td><td><\/td><td><\/td><\/tr><tr><td><img loading=\"lazy\" decoding=\"async\" width=\"300\" height=\"482\" class=\"wp-image-3101\" style=\"width: 80px\" src=\"https:\/\/www.brodtfoundation.org\/de\/wp-content\/uploads\/sites\/3\/2018\/11\/Sommerlang.jpeg\" alt=\"\"><\/td><td><span style=\"font-size: 10pt\">Chabon, Michael:<\/span><b><strong><br>Sommerlang<br><\/strong><\/b><em><span style=\"font-size: 10pt\">Berliner Verlag, Berlin 2004<\/span><\/em><\/td><td><\/td><td><\/td><\/tr><tr><td><img loading=\"lazy\" decoding=\"async\" class=\"alignnone size-full wp-image-1417\" src=\"https:\/\/www.brodtfoundation.org\/de\/wp-content\/uploads\/sites\/3\/2019\/03\/Buchcover-Uri-und-Sami-S.png\" alt=\"\" width=\"80\" height=\"123\"><\/td><td><span style=\"font-size: 10pt\">Cohen, Dalya B.:<\/span><b><strong><br><a href=\"https:\/\/www.brodtfoundation.org\/de\/uri-und-sami\">Uri und Sami<\/a><br><\/strong><\/b><em><span style=\"font-size: 10pt\">Deutscher Taschenbuch Verlag, M\u00fcnchen 1994<\/span><\/em><\/td><td><\/td><td><\/td><\/tr><tr><td><img loading=\"lazy\" decoding=\"async\" width=\"300\" height=\"439\" class=\"wp-image-3110\" style=\"width: 80px\" src=\"https:\/\/www.brodtfoundation.org\/de\/wp-content\/uploads\/sites\/3\/2018\/11\/Die-Liebe-die-Freundschaft-und-alles-dazwisch-Kopie.jpg\" alt=\"\"><\/td><td><span style=\"font-size: 10pt\">Cohn, Rachel \/ Levithan, David:<\/span><b><strong><br>Naomi &amp; Ely &#8211; Die Liebe, die Freundschaft und alles dazwischen<br><\/strong><\/b><span style=\"font-size: 10pt\">&nbsp;<em>cbj, M\u00fcnchen 2010<\/em><\/span><\/td><td><\/td><td><\/td><\/tr><tr><td><img loading=\"lazy\" decoding=\"async\" width=\"300\" height=\"478\" class=\"wp-image-3109\" style=\"width: 80px\" src=\"https:\/\/www.brodtfoundation.org\/de\/wp-content\/uploads\/sites\/3\/2018\/11\/Die-bewegende-Geschichte-des-Jungen-der-Anne-Frank-liebte.jpg\" alt=\"\"><\/td><td><span style=\"font-size: 10pt\">Dogar, Sharon:<\/span><b><strong><br>Prinzengracht 263: Die bewegende Geschichte des Jungen, der Anne Frank liebte<br><\/strong><\/b><em><span style=\"font-size: 10pt\">Thienemann Verlag, Esslingen 2011<\/span><\/em><\/td><td><\/td><td><\/td><\/tr><tr><td><img loading=\"lazy\" decoding=\"async\" class=\"alignnone size-full wp-image-2468\" src=\"https:\/\/www.brodtfoundation.org\/de\/wp-content\/uploads\/sites\/3\/2018\/11\/Buchcover-Geheimversteck-Hotel-Atlantic-S.png\" alt=\"\" width=\"80\" height=\"129\"><\/td><td><span style=\"font-size: 10pt\">Elias,&nbsp; Mirjam:<\/span><b><strong><br>Geheimversteck Hotel Atlantic<br><\/strong><\/b><em><span style=\"font-size: 10pt\">Fischer Verlag, Frankfurt a. Main 2005<\/span><\/em><\/td><td><\/td><td><\/td><\/tr><tr><td><img loading=\"lazy\" decoding=\"async\" width=\"300\" height=\"495\" class=\"wp-image-3111\" style=\"width: 80px\" src=\"https:\/\/www.brodtfoundation.org\/de\/wp-content\/uploads\/sites\/3\/2018\/11\/Entfu\u0308hrt-vor-Jerusalem-Zion-fu\u0308r-Teens.jpeg\" alt=\"\"><\/td><td><span style=\"font-size: 10pt\">Elmer, Robert:<\/span><b><strong><br>Entf\u00fchrt vor Jerusalem, Zion f\u00fcr Teens<br><\/strong><\/b><span style=\"font-size: 10pt\"><em>Francke Buchhandlung, Marburg 2008<\/em><\/span><\/td><td><\/td><td><\/td><\/tr><tr><td><img loading=\"lazy\" decoding=\"async\" class=\"alignnone size-full wp-image-2326\" src=\"https:\/\/www.brodtfoundation.org\/de\/wp-content\/uploads\/sites\/3\/2018\/11\/Buchcover-Schatten-aus-der-Vergangenheit-S.png\" alt=\"\" width=\"80\" height=\"127\"><\/td><td><span style=\"font-size: 10pt\">Engelen, Theo:<\/span><b><strong><br>Schatten aus der Vergangenheit<br><\/strong><\/b><span style=\"font-size: 10pt\"><em>Reihe Hanser \/ dtv, M\u00fcnchen 2001<\/em><\/span><\/td><td><\/td><td><\/td><\/tr><tr><td><img loading=\"lazy\" decoding=\"async\" class=\"alignnone size-full wp-image-1416\" src=\"https:\/\/www.brodtfoundation.org\/de\/wp-content\/uploads\/sites\/3\/2019\/03\/Buchcover-Der-Stein-des-Friedens-S.png\" alt=\"\" width=\"80\" height=\"123\"><\/td><td><span style=\"font-size: 10pt\">Feder-Tal, Karah:<\/span><b><strong><br>Der Stein des Friedens, eine Geschichte aus der Negev-W\u00fcste<br><\/strong><\/b><em><span style=\"font-size: 10pt\">Arena Verlag, W\u00fcrzburg 1962<\/span><\/em><\/td><td><\/td><td><\/td><\/tr><tr><td><img loading=\"lazy\" decoding=\"async\" class=\"alignnone size-full wp-image-1426\" src=\"https:\/\/www.brodtfoundation.org\/de\/wp-content\/uploads\/sites\/3\/2018\/11\/Buchcover-Goldring-und-singende-Muschel-S.png\" alt=\"\" width=\"80\" height=\"124\"><\/td><td><span style=\"font-size: 10pt\">Feder-Tal, Karah:<\/span><b><strong><br>Goldring und singende Muschel<br><\/strong><\/b><em><span style=\"font-size: 10pt\">Arena Verlag, W\u00fcrzburg 1964<\/span><\/em><\/td><td><\/td><td><\/td><\/tr><tr><td><img loading=\"lazy\" decoding=\"async\" class=\"alignnone size-full wp-image-1458\" src=\"https:\/\/www.brodtfoundation.org\/de\/wp-content\/uploads\/sites\/3\/2018\/11\/Buchcover-Der-verschwundene-Talisman-S.png\" alt=\"\" width=\"80\" height=\"123\"><\/td><td><span style=\"font-size: 10pt\">Feder-Tal, Karah:<\/span><b><strong><br>Der verschwundene Talisman. Michael findet einen Freund. Eine Geschichte aus Israel<br><\/strong><\/b><em><span style=\"font-size: 10pt\">Arena Verlag, W\u00fcrzburg, 1968<\/span><\/em><\/td><td><\/td><td><\/td><\/tr><tr><td><img loading=\"lazy\" decoding=\"async\" width=\"1600\" height=\"2457\" class=\"wp-image-3648\" style=\"width: 80px\" src=\"https:\/\/www.brodtfoundation.org\/de\/wp-content\/uploads\/sites\/3\/2018\/11\/ich-ueberlebte.jpeg\" alt=\"\" srcset=\"https:\/\/www.brodtfoundation.org\/de\/wp-content\/uploads\/sites\/3\/2018\/11\/ich-ueberlebte.jpeg 1600w, https:\/\/www.brodtfoundation.org\/de\/wp-content\/uploads\/sites\/3\/2018\/11\/ich-ueberlebte-400x614.jpeg 400w, https:\/\/www.brodtfoundation.org\/de\/wp-content\/uploads\/sites\/3\/2018\/11\/ich-ueberlebte-488x750.jpeg 488w, https:\/\/www.brodtfoundation.org\/de\/wp-content\/uploads\/sites\/3\/2018\/11\/ich-ueberlebte-768x1179.jpeg 768w, https:\/\/www.brodtfoundation.org\/de\/wp-content\/uploads\/sites\/3\/2018\/11\/ich-ueberlebte-1000x1536.jpeg 1000w, https:\/\/www.brodtfoundation.org\/de\/wp-content\/uploads\/sites\/3\/2018\/11\/ich-ueberlebte-1334x2048.jpeg 1334w\" sizes=\"auto, (max-width: 1600px) 100vw, 1600px\" \/><\/td><td>Finder, Rena \/ Greene, M. Joshua<br><a href=\"https:\/\/www.brodtfoundation.org\/de\/ich-ueberlebte-ein-maedchen-auf-schindlers-liste\/\"><strong>Ich \u00fcberlebte. Ein M\u00e4dchen auf Schindlers Liste<\/strong><\/a><br><em>Hanser Verlag, Berlin 2022<\/em><\/td><td><\/td><td><\/td><\/tr><tr><td><a href=\"https:\/\/www.brodtfoundation.org\/de\/das-tagebuch-der-anne-frank-graphic-diary\/\"><img loading=\"lazy\" decoding=\"async\" class=\"alignnone size-full wp-image-1107\" src=\"https:\/\/www.brodtfoundation.org\/de\/wp-content\/uploads\/sites\/3\/2019\/03\/Buchcover-Das-Tagebuch-der-Anne-Frank-Graphic-Diary-S.png\" alt=\"\" width=\"80\" height=\"123\"><\/a><\/td><td><span style=\"font-size: 10pt\">Folman, Ari \/ Polonsky, David:<\/span><b><strong><br><a href=\"https:\/\/www.brodtfoundation.org\/de\/das-tagebuch-der-anne-frank-graphic-diary\/\">Das Tagebuch der Anne Frank: Graphic Diary<\/a><br><\/strong><\/b><em><span style=\"font-size: 10pt\">Fischer Verlag, Frankfurt a. Main 2017<\/span><\/em><\/td><td><\/td><td><\/td><\/tr><tr><td><img loading=\"lazy\" decoding=\"async\" width=\"1134\" height=\"1615\" class=\"wp-image-3660\" style=\"width: 80px\" src=\"https:\/\/www.brodtfoundation.org\/de\/wp-content\/uploads\/sites\/3\/2018\/11\/Wo-ist-Anne-Frank-\u2013-Eine-Graphic-Novel.jpeg\" alt=\"\" srcset=\"https:\/\/www.brodtfoundation.org\/de\/wp-content\/uploads\/sites\/3\/2018\/11\/Wo-ist-Anne-Frank-\u2013-Eine-Graphic-Novel.jpeg 1134w, https:\/\/www.brodtfoundation.org\/de\/wp-content\/uploads\/sites\/3\/2018\/11\/Wo-ist-Anne-Frank-\u2013-Eine-Graphic-Novel-400x570.jpeg 400w, https:\/\/www.brodtfoundation.org\/de\/wp-content\/uploads\/sites\/3\/2018\/11\/Wo-ist-Anne-Frank-\u2013-Eine-Graphic-Novel-527x750.jpeg 527w, https:\/\/www.brodtfoundation.org\/de\/wp-content\/uploads\/sites\/3\/2018\/11\/Wo-ist-Anne-Frank-\u2013-Eine-Graphic-Novel-768x1094.jpeg 768w, https:\/\/www.brodtfoundation.org\/de\/wp-content\/uploads\/sites\/3\/2018\/11\/Wo-ist-Anne-Frank-\u2013-Eine-Graphic-Novel-1079x1536.jpeg 1079w\" sizes=\"auto, (max-width: 1134px) 100vw, 1134px\" \/><\/td><td>Folman, Ari; Guberman, Lena:<br><strong><a href=\"https:\/\/www.brodtfoundation.org\/de\/wo-ist-anne-frank-eine-graphic-novel-2-teil\/\" data-type=\"URL\" data-id=\"https:\/\/www.brodtfoundation.org\/de\/wo-ist-anne-frank-eine-graphic-novel-2-teil\/\">Wo ist Anne Frank? \u2013 Eine Graphic Novel (2. Teil)<\/a><\/strong><br><em>Fischer Verlag, Berlin 2022<\/em><\/td><td><\/td><td><\/td><\/tr><tr><td><img loading=\"lazy\" decoding=\"async\" width=\"300\" height=\"448\" class=\"wp-image-3112\" style=\"width: 80px\" src=\"https:\/\/www.brodtfoundation.org\/de\/wp-content\/uploads\/sites\/3\/2018\/11\/Ilona-wird-Kibbuznik.jpeg\" alt=\"\"><\/td><td><span style=\"font-size: 10pt\">Friedrich, Anita:<\/span><b><br>Ilona wird Kibbuznik<br><\/b><i><span style=\"font-size: small\">Aaronis Collection, Leipzig 2009<\/span><\/i><\/td><td><\/td><td><\/td><\/tr><tr><td><i><\/i><img loading=\"lazy\" decoding=\"async\" class=\"alignnone size-full wp-image-1377\" src=\"https:\/\/www.brodtfoundation.org\/de\/wp-content\/uploads\/sites\/3\/2019\/03\/Buchcover-Das-neue-Leben-S.png\" alt=\"\" width=\"80\" height=\"123\"><\/td><td><span style=\"font-size: 10pt\">Galkina, Anna:<\/span><strong><br>Das neue Leben<\/strong><br><em><span style=\"font-size: 10pt\">Frankfurter Verlagsanstalt, Frankfurt a. Main 2017<\/span><\/em><b><strong><br><\/strong><\/b><\/td><td><\/td><td><\/td><\/tr><tr><td><img loading=\"lazy\" decoding=\"async\" width=\"300\" height=\"410\" class=\"wp-image-3117\" style=\"width: 80px\" src=\"https:\/\/www.brodtfoundation.org\/de\/wp-content\/uploads\/sites\/3\/2018\/11\/Savta-Simcha-und-die-sieben-wundervollen-Geschenke.jpg\" alt=\"\"><\/td><td><span style=\"font-size: 10pt\">Ganz, Yaffa:<\/span><br><b><strong>Savta Simcha und die sieben wundervollen Geschenke<br><\/strong><\/b><em><span style=\"font-size: 10pt\">Verlag Morascha, Z\u00fcrich 1992<\/span><\/em><\/td><td><\/td><td><\/td><\/tr><tr><td><img loading=\"lazy\" decoding=\"async\" class=\"alignnone size-full wp-image-2253\" src=\"https:\/\/www.brodtfoundation.org\/de\/wp-content\/uploads\/sites\/3\/2018\/11\/Buchcover-Schal\u00f6mchen-S-1.png\" alt=\"\" width=\"80\" height=\"44\"><\/td><td><span style=\"font-size: 10pt\">Gershon, Ben:<\/span><b><strong><br>Jewy Lewis &#8211; Schal\u00f6mchen<br><\/strong><\/b><em><span style=\"font-size: 10pt\">Ariella Verlag, Berlin 2018<\/span><\/em><\/td><td><\/td><td><\/td><\/tr><tr><td><img loading=\"lazy\" decoding=\"async\" class=\"alignnone size-full wp-image-2473\" src=\"https:\/\/www.brodtfoundation.org\/de\/wp-content\/uploads\/sites\/3\/2018\/11\/Buchcover-Wintereis-S.png\" alt=\"\" width=\"80\" height=\"120\"><\/td><td><span style=\"font-size: 10pt\">van Gestel, Peter:<\/span><b><strong><br>Wintereis<br><\/strong><\/b><em><span style=\"font-size: 10pt\">Beltz &amp; Gelberg, Weinheim 2008<br><strong>Hinweis:<\/strong> 2009 nominiert f\u00fcr den Deutschen Jugendliteraturpreis<br><\/span><\/em><\/td><td><\/td><td><\/td><\/tr><tr><td><img loading=\"lazy\" decoding=\"async\" class=\"alignnone size-full wp-image-2329\" src=\"https:\/\/www.brodtfoundation.org\/de\/wp-content\/uploads\/sites\/3\/2018\/11\/Buchcover-Felix-Wonder-S.png\" alt=\"\" width=\"80\" height=\"114\"><\/td><td><span style=\"font-size: 10pt\">van Gestel, Peter:<\/span><b><strong><br><a href=\"https:\/\/www.brodtfoundation.org\/de\/felix-wonder\">Felix Wonder<\/a><br><\/strong><\/b><em><span style=\"font-size: 10pt\">Beltz &amp; Gelberg, Weinheim 2010<\/span><\/em><\/td><td><\/td><td><\/td><\/tr><tr><td><img loading=\"lazy\" decoding=\"async\" class=\"alignnone size-full wp-image-1419\" src=\"https:\/\/www.brodtfoundation.org\/de\/wp-content\/uploads\/sites\/3\/2019\/03\/Buchcover-Schw\u00e4ne-von-einem-anderen-See-S.png\" alt=\"\" width=\"80\" height=\"123\"><\/td><td><span style=\"font-size: 10pt\">Givati, Roni:<\/span><b><strong><br><a href=\"https:\/\/www.brodtfoundation.org\/de\/schwaene-von-einem-anderen-see\">Schw\u00e4ne von einem anderen See<\/a><br><\/strong><\/b><em><span style=\"font-size: 10pt\">Alibaba Verlag, Frankfurt a. Main 1992<\/span><\/em><\/td><td><\/td><td><\/td><\/tr><tr><td><img loading=\"lazy\" decoding=\"async\" class=\"alignnone size-full wp-image-1822\" src=\"https:\/\/www.brodtfoundation.org\/de\/wp-content\/uploads\/sites\/3\/2018\/11\/Buchcover-Die-W\u00fcstent\u00f6chter-S.png\" alt=\"\" width=\"80\" height=\"128\"><\/td><td><span style=\"font-size: 10pt\">Givati, Roni:<\/span><b><strong><br><a href=\"https:\/\/www.brodtfoundation.org\/de\/die-wuestentoechter\">Die W\u00fcstent\u00f6chter<\/a><br><\/strong><\/b><em><span style=\"font-size: 10pt\">Beltz &amp; Gelberg, Weinheim 2001<\/span><\/em><\/td><td><\/td><td><\/td><\/tr><tr><td><img loading=\"lazy\" decoding=\"async\" class=\"alignnone size-full wp-image-2283\" src=\"https:\/\/www.brodtfoundation.org\/de\/wp-content\/uploads\/sites\/3\/2019\/07\/Buchcover-Emil-und-Karl-S.png\" alt=\"\" width=\"80\" height=\"140\"><\/td><td><span style=\"font-size: 10pt\">Glatshteyn, Yankev:<\/span><b><strong><br><a href=\"https:\/\/www.brodtfoundation.org\/de\/emil-und-karl\">Emil und Karl<\/a><br><\/strong><\/b><em><span style=\"font-size: 10pt\">Die andere Bibliothek, Berlin 2014<\/span><\/em><\/td><td><\/td><td><\/td><\/tr><tr><td><img loading=\"lazy\" decoding=\"async\" width=\"307\" height=\"475\" class=\"wp-image-3118\" style=\"width: 80px\" src=\"https:\/\/www.brodtfoundation.org\/de\/wp-content\/uploads\/sites\/3\/2018\/11\/Schatz-kommt.jpg\" alt=\"\"><\/td><td><span style=\"font-size: 10pt\">Golan, Shammai:<\/span><b><strong><br>Schatz kommt<br><\/strong><\/b><em><span style=\"font-size: 10pt\">Bertelsmann, M\u00fcnchen 1999<\/span><\/em><\/td><td><\/td><td><\/td><\/tr><tr><td><a href=\"https:\/\/www.brodtfoundation.org\/de\/mehr-schwarz-als-lila\/\"><img loading=\"lazy\" decoding=\"async\" class=\"alignnone size-full wp-image-1077\" src=\"https:\/\/www.brodtfoundation.org\/de\/wp-content\/uploads\/sites\/3\/2019\/03\/Buchcover-Mehr-schwarz-als-lila-S.png\" alt=\"\" width=\"80\" height=\"123\"><\/a><\/td><td><span style=\"font-size: 10pt\">Gorelik, Lena:<\/span><b><strong><br><a href=\"https:\/\/www.brodtfoundation.org\/de\/mehr-schwarz-als-lila\/\">Mehr Schwarz als Lila<\/a><br><\/strong><\/b><em><span style=\"font-size: 10pt\">Rowohlt Verlag, Reinbek 2017<\/span><\/em><\/td><td><\/td><td><\/td><\/tr><tr><td><img loading=\"lazy\" decoding=\"async\" class=\"alignnone size-full wp-image-2068\" src=\"https:\/\/www.brodtfoundation.org\/de\/wp-content\/uploads\/sites\/3\/2018\/11\/Buchcover-Moppi-und-Peter-S.png\" alt=\"\" width=\"80\" height=\"115\"><\/td><td><span style=\"font-size: 10pt\">Graf, Martina \/ Graf, Hans-Dieter:<\/span><b><strong><br><a href=\"https:\/\/www.brodtfoundation.org\/de\/moppi-und-peter\">Moppi und Peter<\/a><br><\/strong><\/b><em><span style=\"font-size: 10pt\">Hentrich &amp; Hentrich, Berlin 2017<\/span><\/em><\/td><td><\/td><td><\/td><\/tr><tr><td><img loading=\"lazy\" decoding=\"async\" class=\"alignnone size-full wp-image-2337\" src=\"https:\/\/www.brodtfoundation.org\/de\/wp-content\/uploads\/sites\/3\/2018\/11\/Buchcover-Amy-und-die-geheime-Bibliothek-S.png\" alt=\"\" width=\"80\" height=\"123\"><\/td><td><span style=\"font-size: 10pt\">Gratz, Alan:<\/span><b><strong><br><a href=\"https:\/\/www.brodtfoundation.org\/de\/amy-und-die-geheime-bibliothek\">Amy und die geheime Bibliothek<\/a><br><\/strong><\/b><em><span style=\"font-size: 10pt\">Carl Hanser Verlag, M\u00fcnchen 2019<\/span><\/em><\/td><td><\/td><td><\/td><\/tr><tr><td><img loading=\"lazy\" decoding=\"async\" width=\"593\" height=\"874\" class=\"wp-image-3653\" style=\"width: 80px\" src=\"https:\/\/www.brodtfoundation.org\/de\/wp-content\/uploads\/sites\/3\/2018\/11\/Israel-und-Palaestina.jpeg\" alt=\"\" srcset=\"https:\/\/www.brodtfoundation.org\/de\/wp-content\/uploads\/sites\/3\/2018\/11\/Israel-und-Palaestina.jpeg 593w, https:\/\/www.brodtfoundation.org\/de\/wp-content\/uploads\/sites\/3\/2018\/11\/Israel-und-Palaestina-400x590.jpeg 400w, https:\/\/www.brodtfoundation.org\/de\/wp-content\/uploads\/sites\/3\/2018\/11\/Israel-und-Palaestina-509x750.jpeg 509w\" sizes=\"auto, (max-width: 593px) 100vw, 593px\" \/><\/td><td>Grigorieff, Vladimir; de Bruxelles Abdel:<br><strong><a href=\"https:\/\/www.brodtfoundation.org\/de\/israel-und-palaestina\/\" data-type=\"URL\" data-id=\"https:\/\/www.brodtfoundation.org\/de\/israel-und-palaestina\/\">Israel und Pal\u00e4stina<\/a><\/strong><br><em>Jacoby Verlag, Berlin 2018<\/em><\/td><td><\/td><td><\/td><\/tr><tr><td><img loading=\"lazy\" decoding=\"async\" class=\"alignnone size-full wp-image-1687\" src=\"https:\/\/www.brodtfoundation.org\/de\/wp-content\/uploads\/sites\/3\/2018\/11\/Buchcover-Der-Kindheitserfinder-S.png\" alt=\"\" width=\"80\" height=\"123\"><\/td><td><span style=\"font-size: 10pt\">Grossman, David:<\/span><b><strong><br>Der Kindheitserfinder<br><\/strong><\/b><em><span style=\"font-size: 10pt\">Hanser Verlag, M\u00fcnchen 1994<\/span><\/em><\/td><td><\/td><td><\/td><\/tr><tr><td><a href=\"https:\/\/www.brodtfoundation.org\/de\/eine-offene-rechnung\/\"><img loading=\"lazy\" decoding=\"async\" class=\"alignnone size-full wp-image-1091\" src=\"https:\/\/www.brodtfoundation.org\/de\/wp-content\/uploads\/sites\/3\/2019\/03\/Buchcover-Eine-offene-Rechnung-S.png\" alt=\"\" width=\"80\" height=\"123\"><\/a><\/td><td><span style=\"font-size: 10pt\">Grossman, David:<\/span><b><strong><br><a href=\"https:\/\/www.brodtfoundation.org\/de\/eine-offene-rechnung\/\">Eine offene Rechnung<\/a><br><\/strong><\/b><em><span style=\"font-size: 10pt\">Hanser Verlag, M\u00fcnchen 2000<\/span><\/em><\/td><td><\/td><td><\/td><\/tr><tr><td><a href=\"https:\/\/www.brodtfoundation.org\/de\/zickzackkind\/\"><img loading=\"lazy\" decoding=\"async\" class=\"alignnone size-full wp-image-1068\" src=\"https:\/\/www.brodtfoundation.org\/de\/wp-content\/uploads\/sites\/3\/2019\/03\/Buchcover-Zickzackkind-S.png\" alt=\"\" width=\"80\" height=\"123\"><\/a><\/td><td><span style=\"font-size: 10pt\">Grossman, David:<\/span><b><strong><br><a href=\"https:\/\/www.brodtfoundation.org\/de\/zickzackkind\/\">Zickzackkind<\/a><br><\/strong><\/b><em><span style=\"font-size: 10pt\">Hanser Verlag, M\u00fcnchen 2000<\/span><\/em><\/td><td><\/td><td><\/td><\/tr><tr><td><img loading=\"lazy\" decoding=\"async\" class=\"alignnone size-full wp-image-2456\" src=\"https:\/\/www.brodtfoundation.org\/de\/wp-content\/uploads\/sites\/3\/2018\/11\/Buchcover-Wohin-du-mich-f\u00fchrst-S.png\" alt=\"\" width=\"80\" height=\"127\"><\/td><td><span style=\"font-size: 10pt\">Grossman, David:<\/span><b><strong><br>Wohin du mich f\u00fchrst<br><\/strong><\/b><em><span style=\"font-size: 10pt\">Hanser Verlag, M\u00fcnchen 2001<\/span><\/em><\/td><td><\/td><td><\/td><\/tr><tr><td><img loading=\"lazy\" decoding=\"async\" width=\"250\" height=\"315\" class=\"wp-image-2933\" style=\"width: 80px\" src=\"https:\/\/www.brodtfoundation.org\/de\/wp-content\/uploads\/sites\/3\/2021\/10\/Das-kostbarste-aller-Gu\u0308ter-.png\" alt=\"\"><\/td><td>Grumberg, Jean-Claude \/ M\u00f6ltgen, Ulrike (Illustr.): <br><strong><a href=\"https:\/\/www.brodtfoundation.org\/de\/das-kostbarste-aller-gueter-ein-maerchen\/\" data-type=\"URL\" data-id=\"https:\/\/www.brodtfoundation.org\/de\/das-kostbarste-aller-gueter-ein-maerchen\/\">Das kostbarste aller G\u00fcter &#8211; Ein M\u00e4rchen <\/a><\/strong><br><em>Jacoby &amp; Stuart Verlag, Berlin 2020<\/em><\/td><td><\/td><td><\/td><\/tr><tr><td><img loading=\"lazy\" decoding=\"async\" class=\"alignnone size-full wp-image-2451\" src=\"https:\/\/www.brodtfoundation.org\/de\/wp-content\/uploads\/sites\/3\/2018\/11\/Buchcover-Die-schwarze-Schatulle-S.png\" alt=\"\" width=\"80\" height=\"122\"><\/td><td><span style=\"font-size: 10pt\">Gur, Batya:<\/span><b><strong><br>Die schwarze Schatulle<br><\/strong><\/b><em><span style=\"font-size: 10pt\">Hanser Verlag, M\u00fcnchen 2002<\/span><\/em><\/td><td><\/td><td><\/td><\/tr><tr><td><img loading=\"lazy\" decoding=\"async\" class=\"alignnone size-full wp-image-2745\" src=\"https:\/\/www.brodtfoundation.org\/de\/wp-content\/uploads\/sites\/3\/2018\/11\/Buchcover-Sapiens-S.png\" alt=\"\" width=\"80\" height=\"107\"><\/td><td><span style=\"font-size: 10pt\">Harari, Yuval Noah:<\/span><b><strong><br><a href=\"https:\/\/www.brodtfoundation.org\/de\/sapiens-der-aufstieg-graphic-novel\">Sapiens. Der Aufstieg. Graphic Novel.<\/a><br><\/strong><\/b><em><span style=\"font-size: 10pt\">C.H. Beck, M\u00fcnchen 2020<\/span><\/em><\/td><td><\/td><td><\/td><\/tr><tr><td><img loading=\"lazy\" decoding=\"async\" width=\"1477\" height=\"1950\" class=\"wp-image-3359\" style=\"width: 80px\" src=\"https:\/\/www.brodtfoundation.org\/de\/wp-content\/uploads\/sites\/3\/2018\/11\/sapiens-die-Falle.jpeg\" alt=\"\" srcset=\"https:\/\/www.brodtfoundation.org\/de\/wp-content\/uploads\/sites\/3\/2018\/11\/sapiens-die-Falle.jpeg 1477w, https:\/\/www.brodtfoundation.org\/de\/wp-content\/uploads\/sites\/3\/2018\/11\/sapiens-die-Falle-400x528.jpeg 400w, https:\/\/www.brodtfoundation.org\/de\/wp-content\/uploads\/sites\/3\/2018\/11\/sapiens-die-Falle-568x750.jpeg 568w, https:\/\/www.brodtfoundation.org\/de\/wp-content\/uploads\/sites\/3\/2018\/11\/sapiens-die-Falle-768x1014.jpeg 768w, https:\/\/www.brodtfoundation.org\/de\/wp-content\/uploads\/sites\/3\/2018\/11\/sapiens-die-Falle-1163x1536.jpeg 1163w\" sizes=\"auto, (max-width: 1477px) 100vw, 1477px\" \/><\/td><td>Harari, Yuval Noah:<br><strong>Sapiens. Die Falle<\/strong><br><em>C.H. Beck Verlag, M\u00fcnchen 2021<\/em><br><\/td><td><\/td><td><\/td><\/tr><tr><td><img loading=\"lazy\" decoding=\"async\" width=\"830\" height=\"1124\" class=\"wp-image-3675\" style=\"width: 80px\" src=\"https:\/\/www.brodtfoundation.org\/de\/wp-content\/uploads\/sites\/3\/2018\/11\/Wie-wir-Menschen-die-Welt-erobert.jpg\" alt=\"\" srcset=\"https:\/\/www.brodtfoundation.org\/de\/wp-content\/uploads\/sites\/3\/2018\/11\/Wie-wir-Menschen-die-Welt-erobert.jpg 830w, https:\/\/www.brodtfoundation.org\/de\/wp-content\/uploads\/sites\/3\/2018\/11\/Wie-wir-Menschen-die-Welt-erobert-400x542.jpg 400w, https:\/\/www.brodtfoundation.org\/de\/wp-content\/uploads\/sites\/3\/2018\/11\/Wie-wir-Menschen-die-Welt-erobert-554x750.jpg 554w, https:\/\/www.brodtfoundation.org\/de\/wp-content\/uploads\/sites\/3\/2018\/11\/Wie-wir-Menschen-die-Welt-erobert-768x1040.jpg 768w\" sizes=\"auto, (max-width: 830px) 100vw, 830px\" \/><\/td><td>Harari, Yuval Noah \/ Niehaus, Birgit; Zaplana Ruiz, Ricard (Ill.): <br><strong><a href=\"https:\/\/www.brodtfoundation.org\/de\/wie-wir-menschen-die-welt-erobert\/\" data-type=\"URL\" data-id=\"https:\/\/www.brodtfoundation.org\/de\/wie-wir-menschen-die-welt-erobert\/\">Wie wir Menschen die Welt erobert<\/a><\/strong><br><em>dtv\/C.H. Beck, M\u00fcnchen 2022<\/em><\/td><td><\/td><td><\/td><\/tr><tr><td><img loading=\"lazy\" decoding=\"async\" class=\"alignnone size-full wp-image-1702\" src=\"https:\/\/www.brodtfoundation.org\/de\/wp-content\/uploads\/sites\/3\/2018\/11\/Buchcover-Frontalzusammenstoss-S.png\" alt=\"\" width=\"80\" height=\"124\"><\/td><td><span style=\"font-size: 10pt\">Harel, Nira:<\/span><b><strong><br>Frontalzusammensto\u00df &#8211; Ende einer Kindheit<br><\/strong><\/b><em><span style=\"font-size: 10pt\">Alibaba Verlag, Frankfurt a. Main 1991<\/span><\/em><\/td><td><\/td><td><\/td><\/tr><tr><td><img loading=\"lazy\" decoding=\"async\" class=\"alignnone size-full wp-image-1688\" src=\"https:\/\/www.brodtfoundation.org\/de\/wp-content\/uploads\/sites\/3\/2018\/11\/Buchcover-Ein-neuer-Hut-S.png\" alt=\"\" width=\"80\" height=\"134\"><\/td><td><span style=\"font-size: 10pt\">Harel, Nira:<\/span><b><strong><br><a href=\"https:\/\/www.brodtfoundation.org\/de\/ein-neuer-hut\">Ein neuer Hut<\/a><br><\/strong><\/b><em><span style=\"font-size: 10pt\">Alibaba Verlag, Frankfurt a. Main 1993<\/span><\/em><\/td><td><\/td><td><\/td><\/tr><tr><td><img loading=\"lazy\" decoding=\"async\" width=\"300\" height=\"232\" class=\"wp-image-3119\" style=\"width: 80px\" src=\"https:\/\/www.brodtfoundation.org\/de\/wp-content\/uploads\/sites\/3\/2018\/11\/Schlu\u0308ssel-zum-Herzen.jpg\" alt=\"\"><\/td><td><span style=\"font-size: 10pt\">Harel, Nira:<\/span><b><strong><br>Schl\u00fcssel zum Herzen<br><\/strong><\/b><em><span style=\"font-size: 10pt\">Bombus Media 2004<\/span><\/em><\/td><td><\/td><td><\/td><\/tr><tr><td><img loading=\"lazy\" decoding=\"async\" class=\"alignnone size-full wp-image-1704\" src=\"https:\/\/www.brodtfoundation.org\/de\/wp-content\/uploads\/sites\/3\/2018\/11\/Buchcover-Saras-Jerusalem-S.png\" alt=\"\" width=\"80\" height=\"122\"><\/td><td><span style=\"font-size: 10pt\">Hareven, Shulamit:<\/span><br><b><strong>Saras Jerusalem<br><\/strong><\/b><em><span style=\"font-size: 10pt\">Dvorah Verlag, Frankfurt a. Main 1993<\/span><\/em><\/td><td><\/td><td><\/td><\/tr><tr><td><img loading=\"lazy\" decoding=\"async\" width=\"315\" height=\"474\" class=\"wp-image-3114\" style=\"width: 80px\" src=\"https:\/\/www.brodtfoundation.org\/de\/wp-content\/uploads\/sites\/3\/2018\/11\/Mein-Bruder-mein-Bruder-Kopie.jpg\" alt=\"\"><\/td><td><span style=\"font-size: 10pt\">Harnik, Raya:<\/span><b><strong><br>Mein Bruder, mein Bruder<br><\/strong><\/b><em><span style=\"font-size: 10pt\">Beltz &amp; Gelberg, Weinheim 1998<\/span><\/em><\/td><td><\/td><td><\/td><\/tr><tr><td><img loading=\"lazy\" decoding=\"async\" width=\"342\" height=\"500\" class=\"wp-image-3120\" style=\"width: 80px\" src=\"https:\/\/www.brodtfoundation.org\/de\/wp-content\/uploads\/sites\/3\/2018\/11\/Tel-Aviv-liegt-am-Meer.jpg\" alt=\"\"><\/td><td><span style=\"font-size: 10pt\">Harnik, Raya:<\/span><b><strong><br>Tel Aviv liegt am Meer<br><\/strong><\/b><em><span style=\"font-size: 10pt\">Beltz &amp; Gelberg, Weinheim 1999<\/span><\/em><\/td><td><\/td><td><\/td><\/tr><tr><td><img loading=\"lazy\" decoding=\"async\" width=\"300\" height=\"398\" class=\"wp-image-3113\" style=\"width: 80px\" src=\"https:\/\/www.brodtfoundation.org\/de\/wp-content\/uploads\/sites\/3\/2018\/11\/Loreley.jpg\" alt=\"\"><\/td><td><span style=\"font-size: 10pt\">Heine, Heinrich:<\/span><b><strong><br>Loreley<br><\/strong><\/b><em><span style=\"font-size: 10pt\">Kindermann Verlag, Berlin 2010<\/span><\/em><\/td><td><\/td><td><\/td><\/tr><tr><td><img loading=\"lazy\" decoding=\"async\" width=\"300\" height=\"462\" class=\"wp-image-3116\" style=\"width: 80px\" src=\"https:\/\/www.brodtfoundation.org\/de\/wp-content\/uploads\/sites\/3\/2018\/11\/Rosie-und-der-Urgrossvater.jpg\" alt=\"\"><\/td><td><span style=\"font-size: 10pt\">Helfer, Monika \/ K\u00f6hlmeier, Michael:<\/span><b><strong><br>Rosie und der Urgro\u00dfvater<br><\/strong><\/b><em><span style=\"font-size: 10pt\">Hanser Verlag, M\u00fcnchen 2010<\/span><\/em><\/td><td><\/td><td><\/td><\/tr><tr><td><img loading=\"lazy\" decoding=\"async\" class=\"alignnone size-full wp-image-2893\" src=\"https:\/\/www.brodtfoundation.org\/de\/wp-content\/uploads\/sites\/3\/2021\/07\/geschichten-um-mendel-rosenbusch-s.png\" alt=\"\" width=\"80\" height=\"115\"><\/td><td><span style=\"font-size: 10pt\">Herlinger, Ilse \/ Abramov, David (hebr\u00e4ische \u00dcbersetzung):<\/span><b><strong><br><a href=\"https:\/\/www.brodtfoundation.org\/de\/mendel-rosenbusch-geschichten-fuer-juedische-kinder\">Mendel Rosenbusch. Geschichten f\u00fcr j\u00fcdische Kinder.<\/a><br><\/strong><\/b><em><span style=\"font-size: 10pt\">Gans Verlag, Berlin 2020<\/span><\/em><\/td><td><\/td><td><\/td><\/tr><tr><td><img loading=\"lazy\" decoding=\"async\" width=\"306\" height=\"499\" class=\"wp-image-3122\" style=\"width: 80px\" src=\"https:\/\/www.brodtfoundation.org\/de\/wp-content\/uploads\/sites\/3\/2018\/11\/Zeit-der-Engel.jpg\" alt=\"\"><\/td><td><span style=\"font-size: 10pt\">Hesse, Karen:<\/span><b><strong><br>Hannah Gold: Zeit der Engel<br><\/strong><\/b><em><span style=\"font-size: 10pt\">Verlag Freies Geistesleben 2002<\/span><\/em><\/td><td><\/td><td><\/td><\/tr><tr><td><a href=\"https:\/\/www.brodtfoundation.org\/de\/die-gondel-mit-dem-magischen-schwert\/\"><img loading=\"lazy\" decoding=\"async\" class=\"alignnone size-full wp-image-1096\" src=\"https:\/\/www.brodtfoundation.org\/de\/wp-content\/uploads\/sites\/3\/2019\/03\/Buchcover-Die-Gondel-mit-dem-magischen-Schwert-S.png\" alt=\"\" width=\"80\" height=\"124\"><\/a><\/td><td><span style=\"font-size: 10pt\">Hipp, Rosa:<\/span><b><strong><br><a href=\"https:\/\/www.brodtfoundation.org\/de\/die-gondel-mit-dem-magischen-schwert\/\">Die Gondel mit dem magischen Schwert<\/a><br><\/strong><\/b><em><span style=\"font-size: 10pt\">Ariella Verlag, Berlin 2015<\/span><\/em><br><span style=\"color: #ca310c;font-size: 10pt\">Brodt Foundation Projekt<\/span><\/td><td><\/td><td><\/td><\/tr><tr><td><img decoding=\"async\" class=\"wp-image-3402\" style=\"width: 80px\" src=\"https:\/\/www.brodtfoundation.org\/de\/wp-content\/uploads\/sites\/3\/2018\/11\/Die-erstaunlichen-Abenteuer-des-Aaron-Broom.jpeg\" alt=\"\"><img loading=\"lazy\" decoding=\"async\" width=\"283\" height=\"376\" class=\"wp-image-3691\" style=\"width: 80px\" src=\"https:\/\/www.brodtfoundation.org\/de\/wp-content\/uploads\/sites\/3\/2018\/11\/Die-erstaunlichen-Abenteuer-des-Aaron-Broom.jpg\" alt=\"\"><\/td><td>Hotchner, Aaron E.:<br><strong><a href=\"https:\/\/www.brodtfoundation.org\/de\/die-erstaunlichen-abenteuer-des-aaron-broom\/?preview_id=3426&amp;preview_nonce=aa3bd175ae&amp;preview=true&amp;_thumbnail_id=3428\" data-type=\"URL\" data-id=\"https:\/\/www.brodtfoundation.org\/de\/die-erstaunlichen-abenteuer-des-aaron-broom\/?preview_id=3426&amp;preview_nonce=aa3bd175ae&amp;preview=true&amp;_thumbnail_id=3428\" target=\"_blank\" rel=\"noreferrer noopener\">Die erstaunlichen Abenteuer des Aaron Broom<\/a><\/strong><br><em>Gerstenberg Verlag, Hildesheim 2021<\/em><\/td><td><\/td><td><\/td><\/tr><tr><td><img loading=\"lazy\" decoding=\"async\" width=\"300\" height=\"474\" class=\"wp-image-3108\" style=\"width: 80px\" src=\"https:\/\/www.brodtfoundation.org\/de\/wp-content\/uploads\/sites\/3\/2018\/11\/Das-Versteck-im-Uhrmacherhaus.jpg\" alt=\"\"><\/td><td><span style=\"font-size: 10pt\">Janssen, Judith:<\/span><b><strong><br>Das Versteck im Uhrmacherhaus<br><\/strong><\/b><em><span style=\"font-size: 10pt\">Neukirchen Verlag, Neukirchen 2015<\/span><\/em><\/td><td><\/td><td><\/td><\/tr><tr><td><a href=\"https:\/\/www.brodtfoundation.org\/de\/die-perlmutterfarbe\/\"><img loading=\"lazy\" decoding=\"async\" class=\"alignnone size-full wp-image-1095\" src=\"https:\/\/www.brodtfoundation.org\/de\/wp-content\/uploads\/sites\/3\/2019\/03\/Buchcover-Die-Perlmutterfarbe-S.png\" alt=\"\" width=\"80\" height=\"123\"><\/a><\/td><td><span style=\"font-size: 10pt\">Jokl, Anna Maria:<\/span><b><strong><br><a href=\"https:\/\/www.brodtfoundation.org\/de\/die-perlmutterfarbe\/\">Die Perlmutterfarbe<\/a><br><\/strong><\/b><em><span style=\"font-size: 10pt\">Suhrkamp Verlag, Frankfurt a. Main 2004<\/span><\/em><\/td><td><\/td><td><\/td><\/tr><tr><td><img loading=\"lazy\" decoding=\"async\" width=\"606\" height=\"1000\" class=\"wp-image-3763\" style=\"width: 80px\" src=\"https:\/\/www.brodtfoundation.org\/de\/wp-content\/uploads\/sites\/3\/2018\/11\/Malas-Katze-eine-wahre-Geschichte-vom-Ueberleben.jpg\" alt=\"\" srcset=\"https:\/\/www.brodtfoundation.org\/de\/wp-content\/uploads\/sites\/3\/2018\/11\/Malas-Katze-eine-wahre-Geschichte-vom-Ueberleben.jpg 606w, https:\/\/www.brodtfoundation.org\/de\/wp-content\/uploads\/sites\/3\/2018\/11\/Malas-Katze-eine-wahre-Geschichte-vom-Ueberleben-400x660.jpg 400w, https:\/\/www.brodtfoundation.org\/de\/wp-content\/uploads\/sites\/3\/2018\/11\/Malas-Katze-eine-wahre-Geschichte-vom-Ueberleben-455x750.jpg 455w\" sizes=\"auto, (max-width: 606px) 100vw, 606px\" \/><\/td><td>Kacenberg, Mala:<br><strong><a href=\"https:\/\/www.brodtfoundation.org\/de\/?p=3765&amp;preview=true&amp;_thumbnail_id=3763\" data-type=\"link\" data-id=\"https:\/\/www.brodtfoundation.org\/de\/?p=3765&amp;preview=true&amp;_thumbnail_id=3763\">Malas Katze, eine wahre Geschichte vom \u00dcberleben<\/a><\/strong><br><em>Knaur Verlag, M\u00fcnchen 2022<\/em><\/td><td><\/td><td><\/td><\/tr><tr><td><img loading=\"lazy\" decoding=\"async\" width=\"300\" height=\"385\" class=\"wp-image-3121\" style=\"width: 80px\" src=\"https:\/\/www.brodtfoundation.org\/de\/wp-content\/uploads\/sites\/3\/2018\/11\/Wies-auf-dem-Mond-zugeht-.jpg\" alt=\"\"><\/td><td><span style=\"font-size: 10pt\">Kal\u00e9ko, Mascha:<\/span><b><strong><br>Wie\u2019s auf dem Mond zugeht<br><\/strong><\/b><em><span style=\"font-size: 10pt\">Bastei L\u00fcbbe, K\u00f6ln 2010<\/span><\/em><\/td><td><\/td><td><\/td><\/tr><tr><td><img loading=\"lazy\" decoding=\"async\" width=\"322\" height=\"499\" class=\"wp-image-3115\" style=\"width: 80px\" src=\"https:\/\/www.brodtfoundation.org\/de\/wp-content\/uploads\/sites\/3\/2018\/11\/ra\u0308ume-die-auf-Reisen-fu\u0308hren-Gedichte-fu\u0308r-Kinder-Kopie.jpg\" alt=\"\"><\/td><td><span style=\"font-size: 10pt\">Kal\u00e9ko, Mascha:<\/span><b><strong><br>Tr\u00e4ume, die auf Reisen f\u00fchren: Gedichte f\u00fcr Kinder<br><\/strong><\/b><em><span style=\"font-size: 10pt\">dtv Verlag, M\u00fcnchen 2016<\/span><\/em><\/td><td><\/td><td><\/td><\/tr><tr><td><img loading=\"lazy\" decoding=\"async\" class=\"alignnone size-full wp-image-1705\" src=\"https:\/\/www.brodtfoundation.org\/de\/wp-content\/uploads\/sites\/3\/2018\/11\/Buchcover-Wasserman-S.png\" alt=\"\" width=\"80\" height=\"123\"><\/td><td><span style=\"font-size: 10pt\">Kaniuk, Yoram:<\/span><b><strong><br><a href=\"https:\/\/www.brodtfoundation.org\/de\/wasserman\">Wasserman<\/a><br><\/strong><\/b><em><span style=\"font-size: 10pt\">Alibaba Verlag, Frankfurt a Main 1991<\/span><\/em><\/td><td><\/td><td><\/td><\/tr><tr><td><img loading=\"lazy\" decoding=\"async\" class=\"alignnone size-full wp-image-1711\" src=\"https:\/\/www.brodtfoundation.org\/de\/wp-content\/uploads\/sites\/3\/2018\/11\/Buchcover-Hiob-Pebble-und-der-Elefant-S.png\" alt=\"\" width=\"80\" height=\"125\"><\/td><td><span style=\"font-size: 10pt\">Kaniuk, Yoram:<\/span><b><strong><br><a href=\"https:\/\/www.brodtfoundation.org\/de\/hiob-pebble-und-der-elefant\">Hiob, Pebble und der Elefant<\/a><br><\/strong><\/b><em><span style=\"font-size: 10pt\">Alibaba Verlag, Frankfurt a. Main 1994<\/span><\/em><\/td><td><\/td><td><\/td><\/tr><tr><td><img loading=\"lazy\" decoding=\"async\" width=\"300\" height=\"460\" class=\"wp-image-3171\" style=\"width: 80px\" src=\"https:\/\/www.brodtfoundation.org\/de\/wp-content\/uploads\/sites\/3\/2022\/02\/Die-erste-Stimme.jpeg\" alt=\"\"><\/td><td><span style=\"font-size: 10pt\">Kantor, Avram:<\/span><b><strong><br>Die erste Stimme<br><\/strong><\/b><span style=\"font-size: 10pt\"><em>Hanser Verlag, M\u00fcnchen 200<\/em>8<\/span><\/td><td><\/td><td><\/td><\/tr><tr><td><img loading=\"lazy\" decoding=\"async\" width=\"300\" height=\"459\" class=\"wp-image-3166\" style=\"width: 80px\" src=\"https:\/\/www.brodtfoundation.org\/de\/wp-content\/uploads\/sites\/3\/2022\/02\/Kantor-Avram-Schalom.jpg\" alt=\"\"><\/td><td><span style=\"font-size: 10pt\">Kantor, Avram:<\/span><b><strong><br>Schalom<br><\/strong><\/b><em><span style=\"font-size: 10pt\">Hanser Verlag, M\u00fcnchen 2012<\/span><\/em><\/td><td><\/td><td><\/td><\/tr><tr><td><img loading=\"lazy\" decoding=\"async\" class=\"alignnone size-full wp-image-2551\" src=\"https:\/\/www.brodtfoundation.org\/de\/wp-content\/uploads\/sites\/3\/2018\/11\/Buchcover-Beinahe-Herbst-S.png\" alt=\"\" width=\"80\" height=\"133\"><\/td><td><span style=\"font-size: 10pt\">Kaurin, Marianne:<\/span><b><br><a href=\"https:\/\/www.brodtfoundation.org\/de\/beinahe-herbst\">Beinahe Herbst<\/a><br><\/b><i><span style=\"font-size: small\">Arctis\/Atrium Verlag, Hamburg 2019<\/span><\/i><\/td><td><\/td><td><\/td><\/tr><tr><td><img loading=\"lazy\" decoding=\"async\" class=\"alignnone size-full wp-image-2876\" src=\"https:\/\/www.brodtfoundation.org\/de\/wp-content\/uploads\/sites\/3\/2021\/06\/buchcover-mein-hund-lala-s.png\" alt=\"\" width=\"80\" height=\"100\"><\/td><td><span style=\"font-size: 10pt\">Kent, Roman \/ Gagnant, Cyril-Aurelien:<\/span><b><strong><br><a href=\"https:\/\/www.brodtfoundation.org\/de\/mein-hund-lala-die-beruehrende-geschichte-eines-jungen-und-seines-hundes\">Mein Hund Lala &#8211; Die ber\u00fchrende Geschichte eines Jungen und seines Hundes<\/a><br><\/strong><\/b><em><span style=\"font-size: 10pt\">Kindle Edition 2014 (E-Book)<\/span><\/em><\/td><td><\/td><td><\/td><\/tr><tr><td><a href=\"https:\/\/www.brodtfoundation.org\/de\/katalin-ungarisches-tagebuch\/\"><i><\/i><img loading=\"lazy\" decoding=\"async\" class=\"alignnone size-full wp-image-1080\" src=\"https:\/\/www.brodtfoundation.org\/de\/wp-content\/uploads\/sites\/3\/2019\/03\/Buchcover-Katalin-Ungarisches-Tagebuch-S.png\" alt=\"\" width=\"80\" height=\"123\"><\/a><\/td><td><span style=\"font-size: 10pt\">Keren, Rivka:<\/span><b><strong><br><a href=\"https:\/\/www.brodtfoundation.org\/de\/katalin-ungarisches-tagebuch\/\">Katalin &#8211; Ungarisches Tagebuch<\/a><br><\/strong><\/b><em><span style=\"font-size: 10pt\">Beltz &amp; Gelberg, Weinheim 1999<\/span><\/em><\/td><td><\/td><td><\/td><\/tr><tr><td><a href=\"https:\/\/www.brodtfoundation.org\/de\/bittersuesser-sommer\/\"><img loading=\"lazy\" decoding=\"async\" class=\"alignnone size-full wp-image-1116\" src=\"https:\/\/www.brodtfoundation.org\/de\/wp-content\/uploads\/sites\/3\/2019\/03\/Buchcover-Bitters\u00fc\u00dfer-Sommer-S.png\" alt=\"\" width=\"80\" height=\"124\"><\/a><\/td><td><span style=\"font-size: 10pt\">Keren, Rivka:<\/span><b><strong><br><a href=\"https:\/\/www.brodtfoundation.org\/de\/bittersuesser-sommer\/\">Bitters\u00fc\u00dfer Sommer<\/a><br><\/strong><\/b><em><span style=\"font-size: 10pt\">Beltz &amp; Gelberg, Weinheim 2001<\/span><\/em><\/td><td><\/td><td><\/td><\/tr><tr><td><img loading=\"lazy\" decoding=\"async\" class=\"alignnone size-full wp-image-2276\" src=\"https:\/\/www.brodtfoundation.org\/de\/wp-content\/uploads\/sites\/3\/2018\/11\/Buchcover-Ein-Seehund-f\u00fcr-Herrn-Albert-S.png\" alt=\"\" width=\"80\" height=\"123\"><\/td><td><span style=\"font-size: 12pt\"><span style=\"font-size: 10pt\">Kerr, Judith:<\/span><b><strong><br>Ein Seehund f\u00fcr Herrn Albert<br><\/strong><\/b><em><span style=\"font-size: 10pt\">Sauerl\u00e4nder Verlag, Frankfurt 2016<\/span><\/em><\/span><\/td><td><\/td><td><\/td><\/tr><tr><td><img loading=\"lazy\" decoding=\"async\" class=\"alignnone size-full wp-image-1842\" src=\"https:\/\/www.brodtfoundation.org\/de\/wp-content\/uploads\/sites\/3\/2018\/11\/Buchcover-Winterpferde-S.png\" alt=\"\" width=\"80\" height=\"122\"><\/td><td><span style=\"font-size: 10pt\">Kerr, Philip:<\/span><b><strong><br><a href=\"https:\/\/www.brodtfoundation.org\/de\/winterpferde\">Winterpferde<\/a><br><\/strong><\/b><em><span style=\"font-size: 10pt\">Rowohlt Verlag, Reinbek 2015<\/span><\/em><\/td><td><\/td><td><\/td><\/tr><tr><td><img loading=\"lazy\" decoding=\"async\" class=\"alignnone size-full wp-image-1836\" src=\"https:\/\/www.brodtfoundation.org\/de\/wp-content\/uploads\/sites\/3\/2018\/11\/Buchcover-Friedrich-der-gro\u00dfe-Detektiv-S.png\" alt=\"\" width=\"80\" height=\"123\"><\/td><td><span style=\"font-size: 10pt\">Kerr, Philip:<\/span><b><strong><br><a href=\"https:\/\/www.brodtfoundation.org\/de\/friedrich-der-grosse-detektiv\">Friedrich der gro\u00dfe Detektiv<\/a><br><\/strong><\/b><em><span style=\"font-size: 10pt\">Rowohlt Verlag, Reinbek 2017<\/span><\/em><\/td><td><\/td><td><\/td><\/tr><tr><td><img loading=\"lazy\" decoding=\"async\" width=\"1518\" height=\"2470\" class=\"wp-image-3687\" style=\"width: 80px\" src=\"https:\/\/www.brodtfoundation.org\/de\/wp-content\/uploads\/sites\/3\/2018\/11\/Als-die-Welt-uns-gehoerte.jpeg\" alt=\"\" srcset=\"https:\/\/www.brodtfoundation.org\/de\/wp-content\/uploads\/sites\/3\/2018\/11\/Als-die-Welt-uns-gehoerte.jpeg 1518w, https:\/\/www.brodtfoundation.org\/de\/wp-content\/uploads\/sites\/3\/2018\/11\/Als-die-Welt-uns-gehoerte-400x651.jpeg 400w, https:\/\/www.brodtfoundation.org\/de\/wp-content\/uploads\/sites\/3\/2018\/11\/Als-die-Welt-uns-gehoerte-461x750.jpeg 461w, https:\/\/www.brodtfoundation.org\/de\/wp-content\/uploads\/sites\/3\/2018\/11\/Als-die-Welt-uns-gehoerte-768x1250.jpeg 768w, https:\/\/www.brodtfoundation.org\/de\/wp-content\/uploads\/sites\/3\/2018\/11\/Als-die-Welt-uns-gehoerte-944x1536.jpeg 944w, https:\/\/www.brodtfoundation.org\/de\/wp-content\/uploads\/sites\/3\/2018\/11\/Als-die-Welt-uns-gehoerte-1259x2048.jpeg 1259w\" sizes=\"auto, (max-width: 1518px) 100vw, 1518px\" \/><\/td><td>Kessler, Liz:<br><strong>Als die Welt uns geh\u00f6rte<\/strong><br><em>Fischer Verlag, Berlin 2022<\/em><\/td><td><\/td><td><\/td><\/tr><tr><td><img loading=\"lazy\" decoding=\"async\" width=\"329\" height=\"420\" class=\"wp-image-3176\" style=\"width: 80px\" src=\"https:\/\/www.brodtfoundation.org\/de\/wp-content\/uploads\/sites\/3\/2022\/02\/Herschel-und-die-Channukka-Kobolde.jpeg\" alt=\"\"><\/td><td><span style=\"font-size: 10pt\">Kimmel, Eric A. \/ Schart Hyman, Trina:&nbsp;<\/span><b><strong><br>Herschel und die Channukka-Kobolde<br><\/strong><\/b><em><span style=\"font-size: 10pt\">Ariella Verlag, Berlin 2017<\/span><\/em><\/td><td><\/td><td><\/td><\/tr><tr><td><img loading=\"lazy\" decoding=\"async\" class=\"alignnone size-full wp-image-2673\" src=\"https:\/\/www.brodtfoundation.org\/de\/wp-content\/uploads\/sites\/3\/2018\/11\/Buchcover-Moses-Pipenbrinks-Abenteuer-S.png\" alt=\"\" width=\"80\" height=\"117\"><\/td><td><span style=\"font-size: 10pt\">Kl\u00f6tzel, C. Z.:&nbsp;<\/span><b><strong><br><a href=\"https:\/\/www.brodtfoundation.org\/de\/moses-pipenbrinks-abenteuer\">Moses Pipenbrinks Abenteuer<\/a><br><\/strong><\/b><em><span style=\"font-size: 10pt\">Wilhelm-Heidsiek Verlag , Cuxhaven 2001<\/span><\/em><\/td><td><\/td><td><\/td><\/tr><tr><td><img loading=\"lazy\" decoding=\"async\" class=\"alignnone size-full wp-image-2526\" src=\"https:\/\/www.brodtfoundation.org\/de\/wp-content\/uploads\/sites\/3\/2018\/11\/Buchcover-Eine-Handvoll-Karten-S.png\" alt=\"\" width=\"80\" height=\"119\"><\/td><td><span style=\"font-size: 10pt\">Kooij van, Rachel<\/span>:<b><strong><br><a href=\"https:\/\/www.brodtfoundation.org\/de\/eine-handvoll-karten\">Eine Handvoll Karten<\/a><br><\/strong><\/b><em><span style=\"font-size: 10pt\">Jungbrunnen Verlag, Wien 2010<\/span><\/em><\/td><td><\/td><td><\/td><\/tr><tr><td><img loading=\"lazy\" decoding=\"async\" width=\"425\" height=\"571\" class=\"wp-image-3399\" style=\"width: 80px\" src=\"https:\/\/www.brodtfoundation.org\/de\/wp-content\/uploads\/sites\/3\/2018\/11\/Alles-Geld-der-Welt.jpeg\" alt=\"\" srcset=\"https:\/\/www.brodtfoundation.org\/de\/wp-content\/uploads\/sites\/3\/2018\/11\/Alles-Geld-der-Welt.jpeg 425w, https:\/\/www.brodtfoundation.org\/de\/wp-content\/uploads\/sites\/3\/2018\/11\/Alles-Geld-der-Welt-400x537.jpeg 400w\" sizes=\"auto, (max-width: 425px) 100vw, 425px\" \/><\/td><td>Konstantinov, Vitali:<br><strong><a href=\"https:\/\/www.brodtfoundation.org\/de\/alles-geld-der-welt-vom-muschelgeld-zur-kryptowaehrung\/?preview_id=3433&amp;preview_nonce=bb90d691c2&amp;preview=true&amp;_thumbnail_id=3399\" data-type=\"URL\" data-id=\"https:\/\/www.brodtfoundation.org\/de\/alles-geld-der-welt-vom-muschelgeld-zur-kryptowaehrung\/?preview_id=3433&amp;preview_nonce=bb90d691c2&amp;preview=true&amp;_thumbnail_id=3399\" target=\"_blank\" rel=\"noreferrer noopener\">Alles Geld der Welt. Vom Muschelgeld zur Kryptow\u00e4hrung<\/a><\/strong><br><em>Gerstenberg Verlag, Hildesheim 2021<\/em><br><\/td><td><\/td><td><\/td><\/tr><tr><td><img loading=\"lazy\" decoding=\"async\" class=\"alignnone size-full wp-image-1848\" src=\"https:\/\/www.brodtfoundation.org\/de\/wp-content\/uploads\/sites\/3\/2018\/11\/Buchcover-Karl-Marx-S.png\" alt=\"\" width=\"80\" height=\"122\"><\/td><td><span style=\"font-size: 10pt\">Korn, Wolfgang:&nbsp;<\/span><b><br><a href=\"https:\/\/www.brodtfoundation.org\/de\/karl-marx-ein-radikaler-denker\">Karl Marx, ein radikaler Denker<\/a><br><\/b><i><span style=\"font-size: small\">Hanser Verlag, M\u00fcnchen 2018<\/span><\/i><\/td><td><\/td><td><\/td><\/tr><tr><td><img loading=\"lazy\" decoding=\"async\" width=\"300\" height=\"496\" class=\"wp-image-3170\" style=\"width: 80px\" src=\"https:\/\/www.brodtfoundation.org\/de\/wp-content\/uploads\/sites\/3\/2022\/02\/Der-kleine-Ko\u0308nig-Macius.jpeg\" alt=\"\"><\/td><td><span style=\"font-size: 10pt\">Korczak, Janusz:<\/span><b><strong><br>Der kleine K\u00f6nig Macius<br><\/strong><\/b><em><span style=\"font-size: 10pt\">Herder Verlag, Freiburg 1997<\/span><\/em><\/td><td><\/td><td><\/td><\/tr><tr><td><a href=\"https:\/\/www.brodtfoundation.org\/de\/koenig-haenschen\/\"><img loading=\"lazy\" decoding=\"async\" class=\"alignnone size-full wp-image-1079\" src=\"https:\/\/www.brodtfoundation.org\/de\/wp-content\/uploads\/sites\/3\/2019\/03\/Buchcover-K\u00f6nig-H\u00e4nschen-S.png\" alt=\"\" width=\"80\" height=\"123\"><\/a><\/td><td><span style=\"font-size: 10pt\">Korczak, Janusz:<\/span><b><strong><br><a href=\"https:\/\/www.brodtfoundation.org\/de\/koenig-haenschen\/\">K\u00f6nig H\u00e4nschen<\/a><br><\/strong><\/b><em><span style=\"font-size: 10pt\">Vandenhoeck &amp; Ruprecht, G\u00f6ttingen 1973<\/span><\/em><\/td><td><\/td><td><\/td><\/tr><tr><td><img loading=\"lazy\" decoding=\"async\" width=\"300\" height=\"461\" class=\"wp-image-3169\" style=\"width: 80px\" src=\"https:\/\/www.brodtfoundation.org\/de\/wp-content\/uploads\/sites\/3\/2022\/02\/Bo-im-Wilden-Land.jpg\" alt=\"\"><\/td><td><span style=\"font-size: 10pt\">Kugler, Lena:<\/span><b><strong><br>Bo im Wilden Land<br><\/strong><\/b><em><span style=\"font-size: 10pt\">Fischer Verlag, Frankfurt 2008<\/span><\/em><\/td><td><\/td><td><\/td><\/tr><tr><td><img loading=\"lazy\" decoding=\"async\" class=\"alignnone size-full wp-image-2345\" src=\"https:\/\/www.brodtfoundation.org\/de\/wp-content\/uploads\/sites\/3\/2018\/11\/Buchcover-Drei-Steine-f\u00fcr-Betty-S-1.png\" alt=\"\" width=\"80\" height=\"119\"><\/td><td><span style=\"font-size: 10pt\">Kupfer, Bettina:<\/span><b><strong><br><a href=\"https:\/\/www.brodtfoundation.org\/de\/drei-steine-fuer-betty-2\">Drei Steine f\u00fcr Betty<\/a><br><\/strong><\/b><em><span style=\"font-size: 10pt\">Verlagshaus Jacoby Stuart, Berlin 2018<\/span><\/em><\/td><td><\/td><td><\/td><\/tr><tr><td><img loading=\"lazy\" decoding=\"async\" width=\"300\" height=\"421\" class=\"wp-image-3175\" style=\"width: 80px\" src=\"https:\/\/www.brodtfoundation.org\/de\/wp-content\/uploads\/sites\/3\/2022\/02\/Glu\u0308cklich-ist-wer-Dunne-kriegt.jpeg\" alt=\"\"><\/td><td><span style=\"font-size: 10pt\">Lagercrantz, Rose:<\/span><strong><br>Gl\u00fccklich ist, wer Dunne kriegt<\/strong><br><i><span style=\"font-size: small\">Moritz Verlag, Frankfurt a. Main 2018<\/span><\/i><\/td><td><\/td><td><\/td><\/tr><tr><td><img loading=\"lazy\" decoding=\"async\" width=\"279\" height=\"400\" class=\"wp-image-3174\" style=\"width: 80px\" src=\"https:\/\/www.brodtfoundation.org\/de\/wp-content\/uploads\/sites\/3\/2022\/02\/Eleanor.-Wiedersehen-mit-Ora.jpeg\" alt=\"\"><\/td><td><span style=\"font-size: 10pt\">Lampel, Rusia:<\/span><strong><br>Eleanor. Wiedersehen mit Ora<\/strong><br><em><span style=\"font-size: 10pt\">Sauerl\u00e4nder Verlag, Frankfurt a. Main 1965<\/span><\/em><\/td><td><\/td><td><\/td><\/tr><tr><td><img loading=\"lazy\" decoding=\"async\" class=\"alignnone size-full wp-image-1384\" src=\"https:\/\/www.brodtfoundation.org\/de\/wp-content\/uploads\/sites\/3\/2019\/03\/Buchcover-Irith-S.png\" alt=\"\" width=\"80\" height=\"124\"><\/td><td><span style=\"font-size: 10pt\">Lampel, Rusia:<\/span><b><strong><br>Irith<br><\/strong><\/b><em><span style=\"font-size: 10pt\">Sauerl\u00e4nder Verlag, Frankfurt a. Main 1966<\/span><\/em><b><strong><br><\/strong><\/b><\/td><td><\/td><td><\/td><\/tr><tr><td><img loading=\"lazy\" decoding=\"async\" class=\"alignnone size-full wp-image-1385\" src=\"https:\/\/www.brodtfoundation.org\/de\/wp-content\/uploads\/sites\/3\/2019\/03\/Buchcover-Irith-und-ihre-Freunde-S.png\" alt=\"\" width=\"80\" height=\"123\"><\/td><td><span style=\"font-size: 10pt\">Lampel, Rusia:<\/span><strong><br>Irith und ihre Freunde, 14 Gutenachtgeschichten<\/strong><br><em><span style=\"font-size: 10pt\">Sauerl\u00e4nder Verlag, Frankfurt a. Main 1966<\/span><\/em><\/td><td><\/td><td><\/td><\/tr><tr><td><img loading=\"lazy\" decoding=\"async\" class=\"alignnone size-full wp-image-1388\" src=\"https:\/\/www.brodtfoundation.org\/de\/wp-content\/uploads\/sites\/3\/2019\/03\/Buchcover-Der-Sommer-mit-Ora-S.png\" alt=\"\" width=\"80\" height=\"123\"><\/td><td><span style=\"font-size: 10pt\">Lampel, Rusia:<\/span><strong><br>Der Sommer mit Ora<\/strong><br><em><span style=\"font-size: 10pt\">Sauerl\u00e4nder Verlag, Frankfurt a. Main 1968<\/span><\/em><\/td><td><\/td><td><\/td><\/tr><tr><td><img loading=\"lazy\" decoding=\"async\" class=\"alignnone size-full wp-image-1389\" src=\"https:\/\/www.brodtfoundation.org\/de\/wp-content\/uploads\/sites\/3\/2019\/03\/Buchcover-Keine-Nachricht-von-Ruben-S.png\" alt=\"\" width=\"80\" height=\"123\"><\/td><td><span style=\"font-size: 10pt\">Lampel, Rusia:<\/span><strong><br>Keine Nachricht von Ruben<\/strong><br><em><span style=\"font-size: 10pt\">Sauerl\u00e4nder Verlag, Frankfurt a. Main 1969<\/span><\/em><\/td><td><\/td><td><\/td><\/tr><tr><td><img loading=\"lazy\" decoding=\"async\" class=\"alignnone size-full wp-image-1390\" src=\"https:\/\/www.brodtfoundation.org\/de\/wp-content\/uploads\/sites\/3\/2019\/03\/Buchcover-als-ob-wir-in-Frieden-lebten-S.png\" alt=\"\" width=\"80\" height=\"123\"><\/td><td><span style=\"font-size: 10pt\">Lampel, Rusia:<\/span><strong><br>&#8230;als ob wir in Frieden lebten<\/strong><br><em><span style=\"font-size: 10pt\">Arena Verlag, W\u00fcrzburg 1979<\/span><\/em><\/td><td><\/td><td><\/td><\/tr><tr><td><img loading=\"lazy\" decoding=\"async\" class=\"alignnone size-full wp-image-1391\" src=\"https:\/\/www.brodtfoundation.org\/de\/wp-content\/uploads\/sites\/3\/2019\/03\/Buchcover-Schuhe-f\u00fcr-Adina-S.png\" alt=\"\" width=\"80\" height=\"123\"><\/td><td><span style=\"font-size: 10pt\">Lampel, Rusia:<\/span><strong><br>Schuhe f\u00fcr Adina<\/strong><br><em><span style=\"font-size: 10pt\">Albert Langen Verlag, M\u00fcnchen 1970<\/span><\/em><\/td><td><\/td><td><\/td><\/tr><tr><td><img loading=\"lazy\" decoding=\"async\" width=\"250\" height=\"315\" class=\"wp-image-2937\" style=\"width: 80px\" src=\"https:\/\/www.brodtfoundation.org\/de\/wp-content\/uploads\/sites\/3\/2021\/10\/Zwei-von-jedem.png\" alt=\"\"><\/td><td>Lagercrantz, Rose; Lagercrantz, Rebecka: <br><strong>Zwei von jedem<\/strong><br><em>Moritz Verlag, Frankfurt a. Main 2021<\/em><\/td><td><\/td><td><\/td><\/tr><tr><td><a href=\"https:\/\/www.brodtfoundation.org\/de\/schpitz\/\"><img loading=\"lazy\" decoding=\"async\" class=\"alignnone size-full wp-image-1071\" src=\"https:\/\/www.brodtfoundation.org\/de\/wp-content\/uploads\/sites\/3\/2019\/03\/Buchcover-Schpitz-S.png\" alt=\"\" width=\"80\" height=\"123\"><\/a><\/td><td><span style=\"font-size: 10pt\">Lapid, Shulamit:<\/span><b><strong><br><a href=\"https:\/\/www.brodtfoundation.org\/de\/schpitz\/\">Schpitz<\/a><br><\/strong><\/b><em><span style=\"font-size: 10pt\">Bertelsmann, M\u00fcnchen 2000<\/span><\/em><\/td><td><\/td><td><\/td><\/tr><tr><td><i><\/i><img loading=\"lazy\" decoding=\"async\" class=\"alignnone size-full wp-image-2791\" src=\"https:\/\/www.brodtfoundation.org\/de\/wp-content\/uploads\/sites\/3\/2018\/11\/die-familie-s.png\" alt=\"\" width=\"80\" height=\"126\"><\/td><td><span style=\"font-size: 10pt\">Lehmann, Marcus:<\/span><strong><br><\/strong><strong>Die Familie Y Aguilar<\/strong><br><em><span style=\"font-size: 10pt\">Morascha Verlag, Z\u00fcrich 1990<\/span><\/em><\/td><td><\/td><td><\/td><\/tr><tr><td><a href=\"https:\/\/www.brodtfoundation.org\/de\/mamas-laden\/\"><img loading=\"lazy\" decoding=\"async\" class=\"alignnone size-full wp-image-1078\" src=\"https:\/\/www.brodtfoundation.org\/de\/wp-content\/uploads\/sites\/3\/2019\/03\/Buchcover-Mamas-Laden-S.png\" alt=\"\" width=\"80\" height=\"123\"><\/a><\/td><td><span style=\"font-size: 10pt\">Lehrman, Robert:<\/span><b><strong><br><a href=\"https:\/\/www.brodtfoundation.org\/de\/mamas-laden\/\">Mamas Laden<\/a><br><\/strong><\/b><em><span style=\"font-size: 10pt\">Beltz &amp; Gelberg, Weinheim 1999<\/span><\/em><\/td><td><\/td><td><\/td><\/tr><tr><td><img loading=\"lazy\" decoding=\"async\" width=\"788\" height=\"648\" class=\"wp-image-3361\" style=\"width: 80px\" src=\"https:\/\/www.brodtfoundation.org\/de\/wp-content\/uploads\/sites\/3\/2018\/11\/Das-Poesiealbum-von-Eva-Goldberg.jpeg\" alt=\"\" srcset=\"https:\/\/www.brodtfoundation.org\/de\/wp-content\/uploads\/sites\/3\/2018\/11\/Das-Poesiealbum-von-Eva-Goldberg.jpeg 788w, https:\/\/www.brodtfoundation.org\/de\/wp-content\/uploads\/sites\/3\/2018\/11\/Das-Poesiealbum-von-Eva-Goldberg-400x329.jpeg 400w, https:\/\/www.brodtfoundation.org\/de\/wp-content\/uploads\/sites\/3\/2018\/11\/Das-Poesiealbum-von-Eva-Goldberg-768x632.jpeg 768w\" sizes=\"auto, (max-width: 788px) 100vw, 788px\" \/><\/td><td>Leiderman, Lauren:<br><strong><a href=\"https:\/\/www.brodtfoundation.org\/de\/das-poesiealbum-von-eva-goldberg\/?preview_id=3362&amp;preview_nonce=2a054b0019&amp;preview=true&amp;_thumbnail_id=3361\" data-type=\"URL\" data-id=\"https:\/\/www.brodtfoundation.org\/de\/das-poesiealbum-von-eva-goldberg\/?preview_id=3362&amp;preview_nonce=2a054b0019&amp;preview=true&amp;_thumbnail_id=3361\">Das Poesiealbum von Eva Goldberg<\/a><\/strong><br><em>Hentrich &amp; Hentrich, Leipzig 2021<\/em><\/td><td><\/td><td><\/td><\/tr><tr><td><img loading=\"lazy\" decoding=\"async\" class=\"alignnone size-full wp-image-1858\" src=\"https:\/\/www.brodtfoundation.org\/de\/wp-content\/uploads\/sites\/3\/2018\/11\/Buchcover-Letztendlich-sind-wir-dem-Universum-egal-S.png\" alt=\"\" width=\"80\" height=\"122\"><\/td><td><span style=\"font-size: 10pt\">Levithan, David:&nbsp;<\/span><b><br><a href=\"https:\/\/www.brodtfoundation.org\/de\/letztendlich-sind-wir-dem-universum-egal\">Letztendlich sind wir dem Universum egal<\/a><br><\/b><i><span style=\"font-size: small\">S. Fischer, Frankfurt a. Main 2014<\/span><\/i><\/td><td><\/td><td><\/td><\/tr><tr><td><a href=\"https:\/\/www.brodtfoundation.org\/de\/der-gelbe-vogel\/\"><i><\/i><img loading=\"lazy\" decoding=\"async\" class=\"alignnone size-full wp-image-1102\" src=\"https:\/\/www.brodtfoundation.org\/de\/wp-content\/uploads\/sites\/3\/2019\/03\/Buchcover-Der-gelbe-Vogel-S.png\" alt=\"\" width=\"80\" height=\"123\"><\/a><\/td><td><span style=\"font-size: 10pt\">Levoy, Myron:<\/span><b><strong><br><a href=\"https:\/\/www.brodtfoundation.org\/de\/der-gelbe-vogel\/\">Der gelbe Vogel<\/a><br><\/strong><\/b><span style=\"font-size: 10pt\">dtv, M\u00fcnchen 19984<\/span><\/td><td><\/td><td><\/td><\/tr><tr><td><img loading=\"lazy\" decoding=\"async\" width=\"300\" height=\"504\" class=\"wp-image-3172\" style=\"width: 80px\" src=\"https:\/\/www.brodtfoundation.org\/de\/wp-content\/uploads\/sites\/3\/2022\/02\/Drei-Freunde.jpeg\" alt=\"\"><\/td><td><span style=\"font-size: 10pt\">Levoy, Myron:<\/span><br><b><strong>Drei Freunde<br><\/strong><\/b><em><span style=\"font-size: 10pt\">Ravensburger Verlag, Ravensburg 1997<\/span><\/em><\/td><td><\/td><td><\/td><\/tr><tr><td><img loading=\"lazy\" decoding=\"async\" width=\"300\" height=\"491\" class=\"wp-image-3167\" style=\"width: 80px\" src=\"https:\/\/www.brodtfoundation.org\/de\/wp-content\/uploads\/sites\/3\/2022\/02\/Levy-Marc-Kinder-der-Hoffnung.jpeg\" alt=\"\"><\/td><td><span style=\"font-size: 10pt\">Levy, Marc:<\/span><b><strong><br>Kinder der Hoffnung<br><\/strong><\/b><em><span style=\"font-size: 10pt\">Droemer Verlag, M\u00fcnchen 2015<\/span><\/em><\/td><td><\/td><td><\/td><\/tr><tr><td><img loading=\"lazy\" decoding=\"async\" width=\"300\" height=\"436\" class=\"wp-image-3173\" style=\"width: 80px\" src=\"https:\/\/www.brodtfoundation.org\/de\/wp-content\/uploads\/sites\/3\/2022\/02\/Ein-Haus-in-Berlin-\u2013-1890.jpeg\" alt=\"\"><\/td><td><span style=\"font-size: 10pt\">Lewin, Waldtraut:<\/span><b><strong><br>Luise, Hinterhof Nord &#8211; Ein Haus in Berlin &#8211; 1890<br><\/strong><\/b><em><span style=\"font-size: 10pt\">Ravensburger Verlag, Ravensburg 2001<\/span><\/em><\/td><td><\/td><td><\/td><\/tr><tr><td><img loading=\"lazy\" decoding=\"async\" width=\"300\" height=\"439\" class=\"wp-image-3168\" style=\"width: 80px\" src=\"https:\/\/www.brodtfoundation.org\/de\/wp-content\/uploads\/sites\/3\/2022\/02\/Lewin-Waldtraut-Insel-der-Hoffnung.jpeg\" alt=\"\"><\/td><td><span style=\"font-size: 10pt\">Lewin, Waldtraut:<\/span><b><strong><br>Insel der Hoffnung<br><\/strong><\/b><em><span style=\"font-size: 10pt\">Ravensburger Verlag, Ravensburg 2001<\/span><\/em><\/td><td><\/td><td><\/td><\/tr><tr><td><img loading=\"lazy\" decoding=\"async\" width=\"342\" height=\"500\" class=\"wp-image-3187\" style=\"width: 80px\" src=\"https:\/\/www.brodtfoundation.org\/de\/wp-content\/uploads\/sites\/3\/2018\/11\/Lewin-Waldtraut-Paulas-Katze-\u2013-Ein-Haus-in-Berlin-\u2013-1935.jpeg\" alt=\"\"><\/td><td><span style=\"font-size: 10pt\">Lewin, Waldtraut:<\/span><b><strong><br>Paulas Katze &#8211; Ein Haus in Berlin &#8211; 1935<br><\/strong><\/b><em><span style=\"font-size: 10pt\">Ravensburger Verlag, Ravensburg 2002<\/span><\/em><\/td><td><\/td><td><\/td><\/tr><tr><td><img loading=\"lazy\" decoding=\"async\" width=\"300\" height=\"440\" class=\"wp-image-3186\" style=\"width: 80px\" src=\"https:\/\/www.brodtfoundation.org\/de\/wp-content\/uploads\/sites\/3\/2018\/11\/Leonie-Lasker-Ju\u0308din-Trilogie.jpeg\" alt=\"\"><\/td><td><span style=\"font-size: 10pt\">Lewin, Waldtraut:<\/span><br><b><strong>Leonie Lasker, J\u00fcdin (Trilogie)<br><\/strong><\/b><em><span style=\"font-size: 10pt\">cbj, M\u00fcnchen 2007<\/span><\/em><\/td><td><\/td><td><\/td><\/tr><tr><td><img loading=\"lazy\" decoding=\"async\" width=\"220\" height=\"333\" class=\"wp-image-3180\" style=\"width: 80px\" src=\"https:\/\/www.brodtfoundation.org\/de\/wp-content\/uploads\/sites\/3\/2018\/11\/Lewin-Waldtraut-Wiedersehen-in-Berlin.jpeg\" alt=\"\"><\/td><td><span style=\"font-size: 10pt\">Lewin, Waldtraut:<\/span><b><strong><br>Wiedersehen in Berlin<br><\/strong><\/b><em><span style=\"font-size: 10pt\">cbj, M\u00fcnchen 2008<\/span><\/em><\/td><td><\/td><td><\/td><\/tr><tr><td><img loading=\"lazy\" decoding=\"async\" width=\"300\" height=\"453\" class=\"wp-image-3179\" style=\"width: 80px\" src=\"https:\/\/www.brodtfoundation.org\/de\/wp-content\/uploads\/sites\/3\/2018\/11\/Lewin-Waldtraut-Drei-Zeichen-sind-die-Wahrheit.jpeg\" alt=\"\"><\/td><td><span style=\"font-size: 10pt\">Lewin, Waldtraut:<\/span><b><strong><br>Drei Zeichen sind die Wahrheit<br><\/strong><\/b><em><span style=\"font-size: 10pt\">cbj, M\u00fcnchen 2008<\/span><\/em><\/td><td><\/td><td><\/td><\/tr><tr><td><img loading=\"lazy\" decoding=\"async\" width=\"283\" height=\"409\" class=\"wp-image-3944\" style=\"width: 80px\" src=\"https:\/\/www.brodtfoundation.org\/de\/wp-content\/uploads\/sites\/3\/2025\/02\/Holly-im-Himmel.jpg\" alt=\"\"><\/td><td>Lewinsky, Micha; Grimm, Lawrence Grimm<br><a href=\"https:\/\/www.brodtfoundation.org\/de\/holly-im-himmel\/\" data-type=\"link\" data-id=\"https:\/\/www.brodtfoundation.org\/de\/holly-im-himmel\/\"><strong>Holly im Himmel<\/strong>&nbsp;<\/a><br><em>Diogenes Verlag, Z\u00fcrich 2022<\/em><\/td><td><\/td><td><\/td><\/tr><tr><td><img loading=\"lazy\" decoding=\"async\" width=\"228\" height=\"320\" class=\"wp-image-3932\" style=\"width: 80px\" src=\"https:\/\/www.brodtfoundation.org\/de\/wp-content\/uploads\/sites\/3\/2018\/11\/Die-Grossstadtdetektive-\u2013-Wer-schnappt-den-Dieb.jpg\" alt=\"\"><\/td><td>Lezzi, Eva:<br><strong><a href=\"https:\/\/www.brodtfoundation.org\/de\/wp-admin\/post.php?post=3935&amp;action=edit\" data-type=\"link\" data-id=\"https:\/\/www.brodtfoundation.org\/de\/wp-admin\/post.php?post=3935&amp;action=edit\">Die Gro\u00dfstadtdetektive \u2013 Wer schnappt den Dieb?<\/a><\/strong><br><em>Beltz &amp; Gelberg Verlag, Weinheim 2024<\/em><\/td><td><\/td><td><\/td><\/tr><tr><td><img loading=\"lazy\" decoding=\"async\" width=\"329\" height=\"499\" class=\"wp-image-3069\" style=\"width: 80px\" src=\"https:\/\/www.brodtfoundation.org\/de\/wp-content\/uploads\/sites\/3\/2018\/11\/Jagd-nach-dem-Kidduschbecher.jpg\" alt=\"\"><\/td><td><span style=\"font-size: 10pt\">Lezzi, Eva:<\/span><b><strong><br><a href=\"https:\/\/www.brodtfoundation.org\/de\/die-jagd-nach-dem-kidduschbecher\/?preview_id=3070&amp;preview_nonce=04363c0aa0&amp;preview=true&amp;_thumbnail_id=3069\" data-type=\"URL\" data-id=\"https:\/\/www.brodtfoundation.org\/de\/die-jagd-nach-dem-kidduschbecher\/?preview_id=3070&amp;preview_nonce=04363c0aa0&amp;preview=true&amp;_thumbnail_id=3069\">Die Jagd nach dem Kidduschbecher<\/a><br><\/strong><\/b><em><span style=\"font-size: 10pt\">Hentrich &amp; Hentrich, Berlin 2016<\/span><\/em><\/td><td><\/td><td><\/td><\/tr><tr><td><img loading=\"lazy\" decoding=\"async\" width=\"992\" height=\"1417\" class=\"wp-image-3671\" style=\"width: 80px\" src=\"https:\/\/www.brodtfoundation.org\/de\/wp-content\/uploads\/sites\/3\/2018\/11\/LChaim_Merle.jpeg\" alt=\"\" srcset=\"https:\/\/www.brodtfoundation.org\/de\/wp-content\/uploads\/sites\/3\/2018\/11\/LChaim_Merle.jpeg 992w, https:\/\/www.brodtfoundation.org\/de\/wp-content\/uploads\/sites\/3\/2018\/11\/LChaim_Merle-400x571.jpeg 400w, https:\/\/www.brodtfoundation.org\/de\/wp-content\/uploads\/sites\/3\/2018\/11\/LChaim_Merle-525x750.jpeg 525w, https:\/\/www.brodtfoundation.org\/de\/wp-content\/uploads\/sites\/3\/2018\/11\/LChaim_Merle-768x1097.jpeg 768w\" sizes=\"auto, (max-width: 992px) 100vw, 992px\" \/><\/td><td>Lezzi, Eva \/ Florian Schmeling:<br><strong><a href=\"https:\/\/www.brodtfoundation.org\/de\/lchaim-merle-juedisches-leben-in-berlin\/\" data-type=\"URL\" data-id=\"https:\/\/www.brodtfoundation.org\/de\/lchaim-merle-juedisches-leben-in-berlin\/\">L\u2019chaim, Merle! J\u00fcdisches Leben in Berlin<\/a><\/strong><br><em>Berliner Landeszentrale f\u00fcr politische Bildung, Berlin 2022<\/em><\/td><td><\/td><td><\/td><\/tr><tr><td><img loading=\"lazy\" decoding=\"async\" width=\"341\" height=\"499\" class=\"wp-image-3181\" style=\"width: 80px\" src=\"https:\/\/www.brodtfoundation.org\/de\/wp-content\/uploads\/sites\/3\/2018\/11\/Das-Geheimnis-des-denkenden-Hasen-und-andere-Geschichten.jpg\" alt=\"\"><\/td><td><span style=\"font-size: 10pt\">Lispector, Clarice:<\/span><b><strong><br>Das Geheimnis des denkenden Hasen und andere Geschichten<br><\/strong><\/b><em><span style=\"font-size: 10pt\">Hentrich &amp; Hentrich, Berlin 2013<\/span><\/em><\/td><td><\/td><td><\/td><\/tr><tr><td><img loading=\"lazy\" decoding=\"async\" width=\"326\" height=\"499\" class=\"wp-image-3182\" style=\"width: 80px\" src=\"https:\/\/www.brodtfoundation.org\/de\/wp-content\/uploads\/sites\/3\/2018\/11\/Der-Schreiber-von-Co\u0301rdoba.jpg\" alt=\"\"><\/td><td><span style=\"font-size: 10pt\">Little, Melanie:<\/span><b><strong><br>Der Schreiber von C\u00f3rdoba<br><\/strong><\/b><em><span style=\"font-size: 10pt\">Hanser Verlag, M\u00fcnchen 2012<\/span><\/em><\/td><td><\/td><td><\/td><\/tr><tr><td><img loading=\"lazy\" decoding=\"async\" width=\"314\" height=\"474\" class=\"wp-image-3184\" style=\"width: 80px\" src=\"https:\/\/www.brodtfoundation.org\/de\/wp-content\/uploads\/sites\/3\/2018\/11\/Grosse-Freunde-\u2013-kleine-Freunde.jpg\" alt=\"\"><\/td><td><span style=\"font-size: 10pt\">Lobe, Mira:<\/span><b><strong><br>Gro\u00dfe Freunde \u2013 kleine Freunde<br><\/strong><\/b><em><span style=\"font-size: 10pt\">Jungbrunnen, Wien 1998<\/span><\/em><\/td><td><\/td><td><\/td><\/tr><tr><td><a href=\"https:\/\/www.brodtfoundation.org\/de\/herr-grinberg-co\/\"><img loading=\"lazy\" decoding=\"async\" class=\"alignnone size-full wp-image-1086\" src=\"https:\/\/www.brodtfoundation.org\/de\/wp-content\/uploads\/sites\/3\/2019\/03\/Buchcover-Herr-Gringberg-und-Co-S.png\" alt=\"\" width=\"80\" height=\"123\"><\/a><\/td><td><span style=\"font-size: 10pt\">Lustiger, Gila:<\/span><br><b><strong><a href=\"https:\/\/www.brodtfoundation.org\/de\/herr-grinberg-co\/\">Herr Grinberg &amp; Co.<\/a><br><\/strong><\/b><em><span style=\"font-size: 10pt\">Berlin Verlag, Berlin, 2008<\/span><\/em><\/td><td><\/td><td><\/td><\/tr><tr><td><img loading=\"lazy\" decoding=\"async\" width=\"336\" height=\"500\" class=\"wp-image-3183\" style=\"width: 80px\" src=\"https:\/\/www.brodtfoundation.org\/de\/wp-content\/uploads\/sites\/3\/2018\/11\/Eine-Geschichte-die-mit-dem-Begra\u0308bnis-einer-Schlange-beginnt.jpeg\" alt=\"\"><\/td><td><span style=\"font-size: 10pt\">Matalon, Ronit:<\/span><b><strong><br>Eine Geschichte, die mit dem Begr\u00e4bnis einer Schlange beginnt<br><\/strong><\/b><em><span style=\"font-size: 10pt\">Hanser Verlag, M\u00fcnchen 1999<\/span><\/em><\/td><td><\/td><td><\/td><\/tr><tr><td><img loading=\"lazy\" decoding=\"async\" width=\"183\" height=\"276\" class=\"wp-image-3503\" style=\"width: 80px\" src=\"https:\/\/www.brodtfoundation.org\/de\/wp-content\/uploads\/sites\/3\/2018\/11\/Rose-Ausla\u0308nders-Leben-im-Wort.jpeg\" alt=\"\"><\/td><td>Matiychuk, Oxana \/ Staranchuk, Olena \/ Gryshchenko, Oleg:<br><strong><a href=\"https:\/\/www.brodtfoundation.org\/de\/rose-auslaenders-leben-im-wort\/\" data-type=\"URL\" data-id=\"https:\/\/www.brodtfoundation.org\/de\/rose-auslaenders-leben-im-wort\/\" target=\"_blank\" rel=\"noreferrer noopener\">Rose Ausl\u00e4nders Leben im Wort<\/a><\/strong><br><em>Graphic Novel, danube books, Wien 2021<\/em><\/td><td><\/td><td><\/td><\/tr><tr><td><img loading=\"lazy\" decoding=\"async\" class=\"alignnone size-full wp-image-2279\" src=\"https:\/\/www.brodtfoundation.org\/de\/wp-content\/uploads\/sites\/3\/2018\/11\/Buchcover-Alles-\u00fcber-Anne-S.png\" alt=\"\" width=\"80\" height=\"108\"><\/td><td><span style=\"font-size: 10pt\">Metselaar, Menno \/ van Ledden, Piet \/ Scarry, Huck (Illustrator):<\/span><b><strong><br>Alles \u00fcber Anne: Das Leben der Anne Frank<br><\/strong><\/b><em><span style=\"font-size: 10pt\">Carlsen Verlag, Hamburg 2018<\/span><\/em><\/td><td><\/td><td><\/td><\/tr><tr><td><img loading=\"lazy\" decoding=\"async\" width=\"425\" height=\"576\" class=\"wp-image-3773\" style=\"width: 80px\" src=\"https:\/\/www.brodtfoundation.org\/de\/wp-content\/uploads\/sites\/3\/2018\/11\/Die-letzte-Haltestelle.jpg\" alt=\"\" srcset=\"https:\/\/www.brodtfoundation.org\/de\/wp-content\/uploads\/sites\/3\/2018\/11\/Die-letzte-Haltestelle.jpg 425w, https:\/\/www.brodtfoundation.org\/de\/wp-content\/uploads\/sites\/3\/2018\/11\/Die-letzte-Haltestelle-400x542.jpg 400w\" sizes=\"auto, (max-width: 425px) 100vw, 425px\" \/><\/td><td>McKay, Sharon; Grubing, Timo (Illustrationen):<br><strong>Die letzte Haltestelle<\/strong><br><em>cbj Verlag, M\u00fcnchen 2017<\/em><\/td><td><\/td><td><\/td><\/tr><tr><td><img loading=\"lazy\" decoding=\"async\" class=\"alignnone size-full wp-image-1471\" src=\"https:\/\/www.brodtfoundation.org\/de\/wp-content\/uploads\/sites\/3\/2018\/11\/Buchcover-Bagdad-Sturm-\u00fcber-der-Stadt-S.png\" alt=\"\" width=\"80\" height=\"124\"><\/td><td><span style=\"font-size: 10pt\">Michael, Sami:<\/span><b><strong><br>Bagdad, Sturm \u00fcber der Stadt<br><\/strong><\/b><em><span style=\"font-size: 10pt\">Beltz &amp; Gelberg, Weinheim 1998<\/span><\/em><\/td><td><\/td><td><\/td><\/tr><tr><td><img loading=\"lazy\" decoding=\"async\" class=\"alignnone size-full wp-image-2447\" src=\"https:\/\/www.brodtfoundation.org\/de\/wp-content\/uploads\/sites\/3\/2018\/11\/Buchcover-Eine-Liebe-in-Bagdad-S.png\" alt=\"\" width=\"80\" height=\"128\"><\/td><td><span style=\"font-size: 10pt\">Michael, Sami:<\/span><b><strong><br>Eine Liebe in Bagdad<br><\/strong><\/b><span style=\"font-size: 10pt\"><em>Beltz &amp; Gelberg, Weinheim 2000<\/em><\/span><\/td><td><\/td><td><\/td><\/tr><tr><td><img loading=\"lazy\" decoding=\"async\" class=\"alignnone size-full wp-image-2836\" src=\"https:\/\/www.brodtfoundation.org\/de\/wp-content\/uploads\/sites\/3\/2018\/11\/tunnel-s.png\" alt=\"\" width=\"80\" height=\"114\"><\/td><td><span style=\"font-size: 10pt\">Modan, Rutu:<\/span><b><br><a href=\"https:\/\/www.brodtfoundation.org\/de\/tunnel-eine-israelische-satire\">Tunnel &#8211; eine israelische Satire.<\/a><br><\/b><i><span style=\"font-size: small\">Graphic Novel, Carlsen Verlag, Hamburg 2020<\/span><\/i><\/td><td><\/td><td><\/td><\/tr><tr><td><img loading=\"lazy\" decoding=\"async\" width=\"234\" height=\"364\" class=\"wp-image-3185\" style=\"width: 80px\" src=\"https:\/\/www.brodtfoundation.org\/de\/wp-content\/uploads\/sites\/3\/2018\/11\/Hallo-Sarah-\u2013-hier-ist-Salah.jpg\" alt=\"\"><\/td><td><span style=\"font-size: 10pt\">Morgenstern, Susi:<\/span><b><br>Hallo Sarah &#8211; hier ist Salah<br><\/b><i><span style=\"font-size: small\">Omnibus Verlag, G\u00fctersloh 2000<\/span><\/i><\/td><td><\/td><td><\/td><\/tr><tr><td><img loading=\"lazy\" decoding=\"async\" class=\"alignnone size-full wp-image-2356\" src=\"https:\/\/www.brodtfoundation.org\/de\/wp-content\/uploads\/sites\/3\/2018\/11\/Buchcover-Stellas-Reise-S.png\" alt=\"\" width=\"80\" height=\"126\"><\/td><td><span style=\"font-size: 10pt\">Muhr, Ursula:<\/span><b><br><a href=\"https:\/\/www.brodtfoundation.org\/de\/stellas-reise\">Stellas Reise<\/a><br><\/b><i><span style=\"font-size: small\">Spielberg Verlag, Neumarkt in der Oberpfalz 2016<\/span><\/i><\/td><td><\/td><td><\/td><\/tr><tr><td><img loading=\"lazy\" decoding=\"async\" class=\"alignnone size-full wp-image-1869\" src=\"https:\/\/www.brodtfoundation.org\/de\/wp-content\/uploads\/sites\/3\/2018\/11\/Buchcover-Bella-und-das-M\u00e4dchen-aus-dem-Schtetl-S.png\" alt=\"\" width=\"80\" height=\"126\"><\/td><td><span style=\"font-size: 10pt\">Neubert, Marina B.:<\/span><b><strong><br><a href=\"https:\/\/www.brodtfoundation.org\/de\/bella-und-das-maedchen-aus-dem-schtetl\">Bella und das M\u00e4dchen aus dem Schtetl<\/a><br><\/strong><\/b><em><span style=\"font-size: 10pt\">Ariella Verlag, Berlin 2015<\/span><\/em><\/td><td><\/td><td><\/td><\/tr><tr><td><img loading=\"lazy\" decoding=\"async\" class=\"alignnone size-full wp-image-1601\" src=\"https:\/\/www.brodtfoundation.org\/de\/wp-content\/uploads\/sites\/3\/2018\/11\/Buchcover-Rauch-\u00fcber-Golan-S.png\" alt=\"\" width=\"80\" height=\"127\"><\/td><td><span style=\"font-size: 10pt\">Ofek, Uriel:<\/span><b><strong><br><a href=\"https:\/\/www.brodtfoundation.org\/de\/rauch-ueber-golan\">Rauch \u00fcber Golan<\/a><br><\/strong><\/b><em><span style=\"font-size: 10pt\">Schweizer Jugend-Verlag, Solothurn 1975<\/span><\/em><\/td><td><\/td><td><\/td><\/tr><tr><td><img loading=\"lazy\" decoding=\"async\" width=\"212\" height=\"350\" class=\"wp-image-3190\" style=\"width: 80px\" src=\"https:\/\/www.brodtfoundation.org\/de\/wp-content\/uploads\/sites\/3\/2018\/11\/Alles-begann-mit-Jossi.jpeg\" alt=\"\"><\/td><td><span style=\"font-size: 10pt\">Ofek, Uriel:<\/span><b><strong><br>Alles begann mit Jossi<br><\/strong><\/b><em><span style=\"font-size: 10pt\">Schweizer Jugend-Verlag, Solothurn 1976<\/span><\/em><\/td><td><\/td><td><\/td><\/tr><tr><td><img loading=\"lazy\" decoding=\"async\" class=\"alignnone size-full wp-image-1611\" src=\"https:\/\/www.brodtfoundation.org\/de\/wp-content\/uploads\/sites\/3\/2018\/11\/Buchcover-Wer-ist-Perez-S.png\" alt=\"\" width=\"80\" height=\"130\"><\/td><td><span style=\"font-size: 10pt\">Ofek, Uriel:<\/span><b><strong><br>Wer ist Perez?<br><\/strong><\/b><em><span style=\"font-size: 10pt\">Schweizer Jugend-Verlag, Solothurn 1976<\/span><\/em><\/td><td><\/td><td><\/td><\/tr><tr><td><img loading=\"lazy\" decoding=\"async\" width=\"224\" height=\"350\" class=\"wp-image-3198\" style=\"width: 80px\" src=\"https:\/\/www.brodtfoundation.org\/de\/wp-content\/uploads\/sites\/3\/2018\/11\/Tula-auf-Illum.jpeg\" alt=\"\"><\/td><td><span style=\"font-size: 10pt\">Ogrissek, Anja:<\/span><b><strong><br>Tula und Illum<br><\/strong><\/b><em><span style=\"font-size: 10pt\">Aussaat Verlag, Neukirchen 2000<\/span><\/em><\/td><td><\/td><td><\/td><\/tr><tr><td><img loading=\"lazy\" decoding=\"async\" class=\"alignnone size-full wp-image-1615\" src=\"https:\/\/www.brodtfoundation.org\/de\/wp-content\/uploads\/sites\/3\/2018\/11\/Buchcover-An-einem-neuen-Ort-S.png\" alt=\"\" width=\"80\" height=\"124\"><\/td><td><span style=\"font-size: 10pt\">Orgad, Dorit:<br><\/span><b><\/b><a href=\"https:\/\/www.brodtfoundation.org\/de\/an-einem-neuen-ort\"><strong>An einem neuen Ort<\/strong><\/a><br><em><span style=\"font-size: 10pt\">Alibaba Verlag, Frankfurt a. Main 1993<\/span><\/em><\/td><td><\/td><td><\/td><\/tr><tr><td><img loading=\"lazy\" decoding=\"async\" class=\"alignnone size-full wp-image-1625\" src=\"https:\/\/www.brodtfoundation.org\/de\/wp-content\/uploads\/sites\/3\/2018\/11\/Buchcover-Der-andere-Sohn-S.png\" alt=\"\" width=\"80\" height=\"125\"><\/td><td><span style=\"font-size: 10pt\">Orgad, Dorit:<br><\/span><b><\/b><strong>Der andere Sohn<\/strong><br><em><span style=\"font-size: 10pt\">Alibaba Verlag, Frankfurt a. Main 1994<\/span><\/em><\/td><td><\/td><td><\/td><\/tr><tr><td><img loading=\"lazy\" decoding=\"async\" class=\"alignnone size-full wp-image-1624\" src=\"https:\/\/www.brodtfoundation.org\/de\/wp-content\/uploads\/sites\/3\/2018\/11\/Buchcover-Der-Junge-aus-Sevilla-S.png\" alt=\"\" width=\"80\" height=\"133\"><\/td><td><span style=\"font-size: 10pt\">Orgad, Dorit:<br><\/span><b><\/b><strong>Der Junge aus Sevilla<\/strong><br><i><span style=\"font-size: small\">dtv, Frankfurt a. Main 1994<\/span><\/i><\/td><td><\/td><td><\/td><\/tr><tr><td><i><img loading=\"lazy\" decoding=\"async\" class=\"alignnone size-full wp-image-1623\" src=\"https:\/\/www.brodtfoundation.org\/de\/wp-content\/uploads\/sites\/3\/2018\/11\/Buchcover-Der-Spion-in-der-W\u00fcste-S.png\" alt=\"\" width=\"80\" height=\"127\"><\/i><\/td><td><span style=\"font-size: 10pt\">Orgad, Dorit:<br><\/span><b><\/b><strong>Der Spion in der W\u00fcste<\/strong><br><em><span style=\"font-size: 10pt\">Alibaba Verlag, Frankfurt a. Main 1995<\/span><\/em><\/td><td><\/td><td><\/td><\/tr><tr><td><img loading=\"lazy\" decoding=\"async\" class=\"alignnone size-full wp-image-1724\" src=\"https:\/\/www.brodtfoundation.org\/de\/wp-content\/uploads\/sites\/3\/2018\/11\/Buchcover-Lydia-von-Pal\u00e4stina-S.png\" alt=\"\" width=\"80\" height=\"116\"><\/td><td><span style=\"font-size: 10pt\">Orlev, Uri:<\/span><b><strong><br>Lydia, K\u00f6nigin von Pal\u00e4stina<br><\/strong><\/b><em><span style=\"font-size: 10pt\">Elefanten Press bei Bertelsmann, Berlin 1994<\/span><\/em><\/td><td><\/td><td><\/td><\/tr><tr><td><img loading=\"lazy\" decoding=\"async\" class=\"alignnone size-full wp-image-1998\" src=\"https:\/\/www.brodtfoundation.org\/de\/wp-content\/uploads\/sites\/3\/2018\/11\/Buchcover-Das-Tier-in-der-Nacht-S.png\" alt=\"\" width=\"80\" height=\"120\"><\/td><td><span style=\"font-size: 10pt\">Orlev, Uri:<\/span><b><strong><br><a href=\"https:\/\/www.brodtfoundation.org\/de\/das-tier-in-der-nacht\">Das Tier in der Nacht<\/a><br><\/strong><\/b><em><span style=\"font-size: 10pt\">Beltz &amp; Gelberg, Weinheim 2009<\/span><\/em><\/td><td><\/td><td><\/td><\/tr><tr><td><img loading=\"lazy\" decoding=\"async\" class=\"alignnone size-full wp-image-2364\" src=\"https:\/\/www.brodtfoundation.org\/de\/wp-content\/uploads\/sites\/3\/2018\/11\/Buchcover-Der-stumme-W\u00e4chter-S.png\" alt=\"\" width=\"80\" height=\"122\"><\/td><td><span style=\"font-size: 10pt\">Ott, Inge:<\/span><b><strong><br><a href=\"https:\/\/www.brodtfoundation.org\/de\/der-stumme-waechter\">Der stumme W\u00e4chter<\/a><br><\/strong><\/b><span style=\"font-size: 10pt\"><em>Verlag Freies Geistesleben, Stuttgart 2002<\/em><\/span><\/td><td><\/td><td><\/td><\/tr><tr><td><img loading=\"lazy\" decoding=\"async\" class=\"alignnone size-full wp-image-2006\" src=\"https:\/\/www.brodtfoundation.org\/de\/wp-content\/uploads\/sites\/3\/2018\/11\/Buchcover-Sumchi-S-1.png\" alt=\"\" width=\"80\" height=\"127\"><\/td><td><span style=\"font-size: 10pt\">Oz, Amos:<\/span><b><strong><br>Sumchi<br><\/strong><\/b><em><span style=\"font-size: 10pt\">Hanser Verlag, M\u00fcnchen 2000<\/span><\/em><\/td><td><\/td><td><\/td><\/tr><tr><td><img loading=\"lazy\" decoding=\"async\" width=\"220\" height=\"350\" class=\"wp-image-3196\" style=\"width: 80px\" src=\"https:\/\/www.brodtfoundation.org\/de\/wp-content\/uploads\/sites\/3\/2018\/11\/Panther-im-Keller.jpg\" alt=\"\"><\/td><td><span style=\"font-size: 10pt\">Oz, Amos:<\/span><b><strong><br>Panther im Keller<br><\/strong><\/b><em><span style=\"font-size: 10pt\">Hanser Verlag, M\u00fcnchen 2003<\/span><\/em><\/td><td><\/td><td><\/td><\/tr><tr><td><img loading=\"lazy\" decoding=\"async\" width=\"521\" height=\"797\" class=\"wp-image-3709\" style=\"width: 90px\" src=\"https:\/\/www.brodtfoundation.org\/de\/wp-content\/uploads\/sites\/3\/2018\/11\/White-Bird-\u2013-Wie-ein-Vogel-Kopie.jpg\" alt=\"\" srcset=\"https:\/\/www.brodtfoundation.org\/de\/wp-content\/uploads\/sites\/3\/2018\/11\/White-Bird-\u2013-Wie-ein-Vogel-Kopie.jpg 521w, https:\/\/www.brodtfoundation.org\/de\/wp-content\/uploads\/sites\/3\/2018\/11\/White-Bird-\u2013-Wie-ein-Vogel-Kopie-400x612.jpg 400w, https:\/\/www.brodtfoundation.org\/de\/wp-content\/uploads\/sites\/3\/2018\/11\/White-Bird-\u2013-Wie-ein-Vogel-Kopie-490x750.jpg 490w\" sizes=\"auto, (max-width: 521px) 100vw, 521px\" \/><\/td><td>Palacio, R.J.<br><strong>White Bird \u2013 Wie ein Vogel<\/strong><br><em>Hanser Verlag, Berlin 2023<\/em><br><\/td><td><\/td><td><\/td><\/tr><tr><td><img loading=\"lazy\" decoding=\"async\" width=\"189\" height=\"267\" class=\"wp-image-3710\" style=\"width: 90px\" src=\"https:\/\/www.brodtfoundation.org\/de\/wp-content\/uploads\/sites\/3\/2018\/11\/White-Bird-\u2013-Wie-ein-Vogel-Graphic-Novel.jpeg\" alt=\"\"><\/td><td>Palacio, R.J.<br><strong>White Bird \u2013 Wie ein Vogel<\/strong>, <strong>Graphic Novel<\/strong><br><em>Hanser Verlag, Berlin 2023<\/em><\/td><td><\/td><td><\/td><\/tr><tr><td><img loading=\"lazy\" decoding=\"async\" class=\"alignnone size-full wp-image-1721\" src=\"https:\/\/www.brodtfoundation.org\/de\/wp-content\/uploads\/sites\/3\/2018\/11\/Buchcover-Joschkas-Hund-S.png\" alt=\"\" width=\"80\" height=\"80\"><\/td><td><span style=\"font-size: 10pt\">Pawel, Henning:<\/span><b><br>Joschkas Hund<br><\/b><i><span style=\"font-size: small\">Der Kinderbuchverlag, Berlin 1991<\/span><\/i><\/td><td><\/td><td><\/td><\/tr><tr><td><img loading=\"lazy\" decoding=\"async\" width=\"343\" height=\"499\" class=\"wp-image-3161\" style=\"width: 80px\" src=\"https:\/\/www.brodtfoundation.org\/de\/wp-content\/uploads\/sites\/3\/2018\/11\/Die-erstaunliche-Familie-Appenzell.jpg\" alt=\"\"><\/td><td>Perez, S\u00e9bastien: <br><strong><a href=\"https:\/\/www.brodtfoundation.org\/de\/die-erstaunliche-familie-appenzell\/\" data-type=\"URL\" data-id=\"https:\/\/www.brodtfoundation.org\/de\/die-erstaunliche-familie-appenzell\/\" target=\"_blank\" rel=\"noreferrer noopener\">Die erstaunliche Familie Appenzell<\/a><\/strong><br><em>Verlagshaus Jacoby &amp; Stuart, Berlin 2021<\/em><\/td><td><\/td><td><\/td><\/tr><tr><td><img loading=\"lazy\" decoding=\"async\" width=\"175\" height=\"288\" class=\"wp-image-3212\" style=\"width: 80px\" src=\"https:\/\/www.brodtfoundation.org\/de\/wp-content\/uploads\/sites\/3\/2018\/11\/Opa-und-der-Hunde-Schlamassel.jpeg\" alt=\"\"><\/td><td><span style=\"font-size: 10pt\">Perl, Erica S.:<\/span><b><strong><br><a href=\"https:\/\/www.brodtfoundation.org\/de\/opa-und-der-hunde-schlamassel\/\" data-type=\"URL\" data-id=\"https:\/\/www.brodtfoundation.org\/de\/opa-und-der-hunde-schlamassel\/\">Opa und der Hunde-Schlamassel<\/a><br><\/strong><\/b><em><span style=\"font-size: 10pt\">Ariella Verlag, Berlin 2012<\/span><\/em><\/td><td><\/td><td><\/td><\/tr><tr><td><img loading=\"lazy\" decoding=\"async\" width=\"234\" height=\"350\" class=\"wp-image-3191\" style=\"width: 80px\" src=\"https:\/\/www.brodtfoundation.org\/de\/wp-content\/uploads\/sites\/3\/2018\/11\/Das-Tagebuch-des-Dawid-Rubinowicz.jpeg\" alt=\"\"><\/td><td><span style=\"font-size: 10pt\">Petri, Walther:<\/span><b><strong><br>Das Tagebuch des Dawid Rubinowicz<br><\/strong><\/b><em><span style=\"font-size: 10pt\">Beltz &amp; Gelberg, Weinheim 2001<\/span><\/em><\/td><td><\/td><td><\/td><\/tr><tr><td><img loading=\"lazy\" decoding=\"async\" class=\"alignnone size-full wp-image-2013\" src=\"https:\/\/www.brodtfoundation.org\/de\/wp-content\/uploads\/sites\/3\/2018\/11\/Buchcover-Zebra-S.png\" alt=\"\" width=\"80\" height=\"123\"><\/td><td><span style=\"font-size: 10pt\">Potok, Chaim:<\/span><b><strong><br><a href=\"https:\/\/www.brodtfoundation.org\/de\/zebra\">Zebra<\/a><br><\/strong><\/b><em><span style=\"font-size: 10pt\">Hanser Verlag, M\u00fcnchen 2002<\/span><\/em><\/td><td><\/td><td><\/td><\/tr><tr><td><img loading=\"lazy\" decoding=\"async\" width=\"223\" height=\"350\" class=\"wp-image-3193\" style=\"width: 80px\" src=\"https:\/\/www.brodtfoundation.org\/de\/wp-content\/uploads\/sites\/3\/2018\/11\/Malka-Mai.jpeg\" alt=\"\"><\/td><td><span style=\"font-size: 10pt\">Pressler, Mirjam:<\/span><b><strong><br>Malka Mai<br><\/strong><\/b><em><span style=\"font-size: 10pt\">Beltz &amp; Gelberg, Weinheim 2001<\/span><\/em><\/td><td><\/td><td><\/td><\/tr><tr><td><img loading=\"lazy\" decoding=\"async\" width=\"218\" height=\"350\" class=\"wp-image-3192\" style=\"width: 80px\" src=\"https:\/\/www.brodtfoundation.org\/de\/wp-content\/uploads\/sites\/3\/2018\/11\/Golem-stiller-Bruder.jpeg\" alt=\"\"><\/td><td><span style=\"font-size: 10pt\">Pressler, Mirjam:<\/span><b><strong><br>Golem stiller <\/strong><\/b><b><strong>Bruder<br><\/strong><\/b><em><span style=\"font-size: 10pt\">Beltz &amp; Gelberg, Weinheim 2007<\/span><\/em><\/td><td><\/td><td><\/td><\/tr><tr><td><img loading=\"lazy\" decoding=\"async\" width=\"224\" height=\"350\" class=\"wp-image-3197\" style=\"width: 80px\" src=\"https:\/\/www.brodtfoundation.org\/de\/wp-content\/uploads\/sites\/3\/2018\/11\/Shylocks-Tochter.jpeg\" alt=\"\"><\/td><td><span style=\"font-size: 10pt\">Presser , Mirjam:<\/span><b><strong><br>Shylocks Tochter<br><\/strong><\/b><em><span style=\"font-size: 10pt\">Beltz &amp; Gelberg, Weinheim 2008<\/span><\/em><\/td><td><\/td><td><\/td><\/tr><tr><td><img loading=\"lazy\" decoding=\"async\" width=\"234\" height=\"350\" class=\"wp-image-3195\" style=\"width: 80px\" src=\"https:\/\/www.brodtfoundation.org\/de\/wp-content\/uploads\/sites\/3\/2018\/11\/Nathan-und-seine-Kinder.jpeg\" alt=\"\"><\/td><td><span style=\"font-size: 10pt\">Presser, Mirjam:<\/span><br><b><strong>Nathan und seine Kinder<br><\/strong><\/b><em><span style=\"font-size: 10pt\">Beltz &amp; Gelberg, Weinheim 2009<\/span><\/em><\/td><td><\/td><td><\/td><\/tr><tr><td><img loading=\"lazy\" decoding=\"async\" width=\"600\" height=\"898\" class=\"wp-image-3199\" style=\"width: 80px\" src=\"https:\/\/www.brodtfoundation.org\/de\/wp-content\/uploads\/sites\/3\/2018\/11\/Wer-morgens-lacht.jpeg\" alt=\"\" srcset=\"https:\/\/www.brodtfoundation.org\/de\/wp-content\/uploads\/sites\/3\/2018\/11\/Wer-morgens-lacht.jpeg 600w, https:\/\/www.brodtfoundation.org\/de\/wp-content\/uploads\/sites\/3\/2018\/11\/Wer-morgens-lacht-400x599.jpeg 400w, https:\/\/www.brodtfoundation.org\/de\/wp-content\/uploads\/sites\/3\/2018\/11\/Wer-morgens-lacht-501x750.jpeg 501w\" sizes=\"auto, (max-width: 600px) 100vw, 600px\" \/><\/td><td><span style=\"font-size: 10pt\">Pressler, Mirjam:<\/span><b><strong><br>Wer morgens lacht<br><\/strong><\/b><em><span style=\"font-size: 10pt\">Beltz &amp; Gelberg, Weinheim 2014<\/span><\/em><\/td><td><\/td><td><\/td><\/tr><tr><td><a href=\"https:\/\/www.brodtfoundation.org\/de\/ich-sehne-mich-so-die-lebensgeschichte-der-anne-frank\/\"><img loading=\"lazy\" decoding=\"async\" class=\"alignnone size-full wp-image-1084\" src=\"https:\/\/www.brodtfoundation.org\/de\/wp-content\/uploads\/sites\/3\/2019\/03\/Buchcover-Ich-sehe-mich-so-S.png\" alt=\"\" width=\"80\" height=\"123\"><\/a><\/td><td><span style=\"font-size: 10pt\">Pressler, Mirjam:<\/span><b><strong><br><a href=\"https:\/\/www.brodtfoundation.org\/de\/ich-sehne-mich-so-die-lebensgeschichte-der-anne-frank\/\">Ich sehne mich so. Die Lebensgeschichte der Anne Frank<\/a><br><\/strong><\/b><em><span style=\"font-size: 10pt\">Beltz &amp; Gelberg, Weinheim 2015<\/span><\/em><\/td><td><\/td><td><\/td><\/tr><tr><td><img loading=\"lazy\" decoding=\"async\" class=\"alignnone size-full wp-image-1394\" src=\"https:\/\/www.brodtfoundation.org\/de\/wp-content\/uploads\/sites\/3\/2019\/03\/Buchcover-Dunkles-Gold-S.png\" alt=\"\" width=\"80\" height=\"123\"><\/td><td><span style=\"font-size: 10pt\">Pressler, Mirjam:<\/span><b><strong><br><a href=\"https:\/\/www.brodtfoundation.org\/de\/dunkles-gold\">Dunkles Gold<\/a><br><\/strong><\/b><em><span style=\"font-size: 10pt\">Beltz &amp; Gelberg, Weinheim 2019<\/span><\/em><\/td><td><\/td><td><\/td><\/tr><tr><td><a href=\"https:\/\/www.brodtfoundation.org\/de\/beruf-philosophin-oder-die-liebe-zur-welt\/\"><img loading=\"lazy\" decoding=\"async\" class=\"alignnone size-full wp-image-1118\" src=\"https:\/\/www.brodtfoundation.org\/de\/wp-content\/uploads\/sites\/3\/2019\/03\/Buchcover-Beruf-Philosophin-oder-Die-Liebe-zur-Welt-S.png\" alt=\"\" width=\"80\" height=\"123\"><\/a><\/td><td><span style=\"font-size: 10pt\">Prinz, Alois:<\/span><b><strong><br><a href=\"https:\/\/www.brodtfoundation.org\/de\/beruf-philosophin-oder-die-liebe-zur-welt\/\">Beruf Philosophin oder Die Liebe zur Welt, die Lebensgeschichte der Hannah Arendt<\/a><br><\/strong><\/b><em><span style=\"font-size: 10pt\">Beltz &amp; Gelberg, Weinheim 2002<\/span><\/em><\/td><td><\/td><td><\/td><\/tr><tr><td><a href=\"https:\/\/www.brodtfoundation.org\/de\/dazwischen-ich\/\"><img loading=\"lazy\" decoding=\"async\" class=\"alignnone size-full wp-image-1105\" src=\"https:\/\/www.brodtfoundation.org\/de\/wp-content\/uploads\/sites\/3\/2019\/03\/Buchcover-Dazwischen-Ich-S.png\" alt=\"\" width=\"80\" height=\"123\"><\/a><\/td><td><span style=\"font-size: 10pt\">Rabinowich, Julya:<\/span><b><strong><br><a href=\"https:\/\/www.brodtfoundation.org\/de\/dazwischen-ich\/\">Dazwischen: Ich<\/a><br><\/strong><\/b><em><span style=\"font-size: 10pt\">Hanser Verlag, M\u00fcnchen 2017<\/span><\/em><\/td><td><\/td><td><\/td><\/tr><tr><td><img decoding=\"async\" class=\"wp-image-3401\" style=\"width: 80px\" src=\"https:\/\/www.brodtfoundation.org\/de\/wp-content\/uploads\/sites\/3\/2018\/11\/Dazwischen-Wir..jpeg\" alt=\"\"><img loading=\"lazy\" decoding=\"async\" width=\"195\" height=\"300\" class=\"wp-image-3409\" style=\"width: 80px\" src=\"https:\/\/www.brodtfoundation.org\/de\/wp-content\/uploads\/sites\/3\/2022\/04\/Dazwischen-Wir-kl.jpg\" alt=\"\"><\/td><td><span style=\"font-size: 10pt\">Rabinowich, Julya:<\/span><br><a href=\"https:\/\/www.brodtfoundation.org\/de\/dazwischen-wir\/?preview_id=3407&amp;preview_nonce=26996c765a&amp;preview=true&amp;_thumbnail_id=3409\" data-type=\"URL\" data-id=\"https:\/\/www.brodtfoundation.org\/de\/dazwischen-wir\/?preview_id=3407&amp;preview_nonce=26996c765a&amp;preview=true&amp;_thumbnail_id=3409\" target=\"_blank\" rel=\"noreferrer noopener\">Dazwischen: Wir<\/a><br><em>Hanser Verlag, M\u00fcnchen 2022<\/em><\/td><td><\/td><td><\/td><\/tr><tr><td><img loading=\"lazy\" decoding=\"async\" width=\"697\" height=\"1000\" class=\"wp-image-3757\" style=\"width: 80px\" src=\"https:\/\/www.brodtfoundation.org\/de\/wp-content\/uploads\/sites\/3\/2018\/11\/Future-Fairy-Tales-Geschichten-aus-einer-anderen-Welt.jpg\" alt=\"\" srcset=\"https:\/\/www.brodtfoundation.org\/de\/wp-content\/uploads\/sites\/3\/2018\/11\/Future-Fairy-Tales-Geschichten-aus-einer-anderen-Welt.jpg 697w, https:\/\/www.brodtfoundation.org\/de\/wp-content\/uploads\/sites\/3\/2018\/11\/Future-Fairy-Tales-Geschichten-aus-einer-anderen-Welt-400x574.jpg 400w, https:\/\/www.brodtfoundation.org\/de\/wp-content\/uploads\/sites\/3\/2018\/11\/Future-Fairy-Tales-Geschichten-aus-einer-anderen-Welt-523x750.jpg 523w\" sizes=\"auto, (max-width: 697px) 100vw, 697px\" \/><\/td><td>Rahlens, Holly-Jane:&nbsp;<br><strong><a href=\"https:\/\/www.brodtfoundation.org\/de\/?p=3759\" data-type=\"link\" data-id=\"https:\/\/www.brodtfoundation.org\/de\/?p=3759\">Future Fairy Tales, Geschichten aus einer anderen Welt<\/a><\/strong><br><em>Rotfuchs Verlag, Hamburg 2022<\/em><\/td><td><\/td><td><\/td><\/tr><tr><td><a href=\"https:\/\/www.brodtfoundation.org\/de\/prinz-william-maximilian-minsky-und-ich\/\"><img loading=\"lazy\" decoding=\"async\" class=\"alignnone size-full wp-image-1073\" src=\"https:\/\/www.brodtfoundation.org\/de\/wp-content\/uploads\/sites\/3\/2019\/03\/Buchcover-Prinz-William-Maximilian-Minsky-und-ich-S.png\" alt=\"\" width=\"80\" height=\"123\"><\/a><\/td><td><span style=\"font-size: 10pt\">Rahlens, Holly-Jane:<\/span><b><strong><br><a href=\"https:\/\/www.brodtfoundation.org\/de\/prinz-william-maximilian-minsky-und-ich\/\">Prinz William, Maximilian Minsky und ich<\/a><br><\/strong><\/b><em><span style=\"font-size: 10pt\">Rowohlt Verlag, Reinbek 2002<\/span><\/em><\/td><td><\/td><td><\/td><\/tr><tr><td><img loading=\"lazy\" decoding=\"async\" width=\"228\" height=\"350\" class=\"wp-image-3194\" style=\"width: 80px\" src=\"https:\/\/www.brodtfoundation.org\/de\/wp-content\/uploads\/sites\/3\/2018\/11\/Mein-kleines-grosse-Leben.jpeg\" alt=\"\"><\/td><td><span style=\"font-size: 10pt\">Rahlens, Holly-Jane:<\/span><b><strong><br>Mein kleines gro\u00dfe Leben<br><\/strong><\/b><em><span style=\"font-size: 10pt\">Rowohlt Verlag, Reinbek 2008<\/span><\/em><\/td><td><\/td><td><\/td><\/tr><tr><td><img loading=\"lazy\" decoding=\"async\" class=\"alignnone size-full wp-image-1628\" src=\"https:\/\/www.brodtfoundation.org\/de\/wp-content\/uploads\/sites\/3\/2018\/11\/Buchcover-Mauerbl\u00fcmchen-S.png\" alt=\"\" width=\"80\" height=\"121\"><\/td><td><span style=\"font-size: 10pt\">Rahlens, Holly-Jane:<\/span><b><strong><br><a href=\"https:\/\/www.brodtfoundation.org\/de\/mauerbluemchen\">Mauerbl\u00fcmchen<\/a><br><\/strong><\/b><em><span style=\"font-size: 10pt\">Rowohl Verlag, Reinbek 2009<\/span><\/em><\/td><td><\/td><td><\/td><\/tr><tr><td><img loading=\"lazy\" decoding=\"async\" width=\"229\" height=\"350\" class=\"wp-image-3209\" style=\"width: 80px\" src=\"https:\/\/www.brodtfoundation.org\/de\/wp-content\/uploads\/sites\/3\/2018\/11\/Stella-Menzel-und-der-goldene-Faden.jpeg\" alt=\"\"><\/td><td><span style=\"font-size: 10pt\">Rahlens, Holly-Jane:<\/span><b><strong><br>Stella Menzel und der goldene Faden<br><\/strong><\/b><em><span style=\"font-size: 10pt\">Rowohlt Verlag, Reinbek 2013<\/span><\/em><\/td><td><\/td><td><\/td><\/tr><tr><td><img loading=\"lazy\" decoding=\"async\" width=\"263\" height=\"350\" class=\"wp-image-3210\" style=\"width: 80px\" src=\"https:\/\/www.brodtfoundation.org\/de\/wp-content\/uploads\/sites\/3\/2018\/11\/Teure-Freiheit.jpeg\" alt=\"\"><\/td><td><span style=\"font-size: 10pt\">Ray, Karen:<\/span><b><strong><br>Teure Freiheit<br><\/strong><\/b><em><span style=\"font-size: 10pt\">Ravensburger Verlag, Ravensburg 2001<\/span><\/em><\/td><td><\/td><td><\/td><\/tr><tr><td><img loading=\"lazy\" decoding=\"async\" width=\"221\" height=\"350\" class=\"wp-image-3207\" style=\"width: 80px\" src=\"https:\/\/www.brodtfoundation.org\/de\/wp-content\/uploads\/sites\/3\/2018\/11\/Nenn-mich-noch-einmal-Jochanan.jpeg\" alt=\"\"><\/td><td><span style=\"font-size: 10pt\">Reinboth, Gudrun:<\/span><b><strong><br>Nenn mich noch einmal Jochanan<br><\/strong><\/b><em><span style=\"font-size: 10pt\">Metz Verlag, Hamburg 2004<\/span><\/em><\/td><td><\/td><td><\/td><\/tr><tr><td><img loading=\"lazy\" decoding=\"async\" class=\"alignnone size-full wp-image-2760\" src=\"https:\/\/www.brodtfoundation.org\/de\/wp-content\/uploads\/sites\/3\/2018\/11\/Buchcover-Muellerstrasse-S.png\" alt=\"\" width=\"80\" height=\"104\"><\/td><td><span style=\"font-size: 10pt\">Rewald, Ruth:<\/span><b><strong><br>M\u00fcllerstrasse. Jungens von heute.<br><\/strong><\/b><em><span style=\"font-size: 10pt\">D. Gundert Verlag, Stuttgart 1932 (nur noch antiquarisch zu haben)<\/span><\/em><\/td><td><\/td><td><\/td><\/tr><tr><td><img loading=\"lazy\" decoding=\"async\" class=\"alignnone size-full wp-image-2761\" src=\"https:\/\/www.brodtfoundation.org\/de\/wp-content\/uploads\/sites\/3\/2018\/11\/Buchcover-Janko-S.png\" alt=\"\" width=\"80\" height=\"135\"><\/td><td><span style=\"font-size: 10pt\">Rewald, Ruth:<\/span><b><strong><br><a href=\"https:\/\/www.brodtfoundation.org\/de\/janko-der-junge-aus-mexiko\">Janko: Der Junge aus Mexiko<\/a><br><\/strong><\/b><em><span style=\"font-size: 10pt\">Arco Verlag, Wuppertal 2007 (1934)<\/span><\/em><\/td><td><\/td><td><\/td><\/tr><tr><td><img loading=\"lazy\" decoding=\"async\" class=\"alignnone size-full wp-image-2762\" src=\"https:\/\/www.brodtfoundation.org\/de\/wp-content\/uploads\/sites\/3\/2018\/11\/Buchcover-Tsao-und-Jing-Ling-S.png\" alt=\"\" width=\"80\" height=\"134\"><\/td><td><span style=\"font-size: 10pt\">Rewald, Ruth:<\/span><b><strong><br><a href=\"https:\/\/www.brodtfoundation.org\/de\/tsao-und-jing-ling\">Tsao und Jing-Ling<\/a><br><\/strong><\/b><em><span style=\"font-size: 10pt\">Arco Verlag, Wuppertal 2020 (1936)<\/span><\/em><\/td><td><\/td><td><\/td><\/tr><tr><td><img loading=\"lazy\" decoding=\"async\" width=\"245\" height=\"350\" class=\"wp-image-3206\" style=\"width: 80px\" src=\"https:\/\/www.brodtfoundation.org\/de\/wp-content\/uploads\/sites\/3\/2018\/11\/Mein-liebes-Selbst.jpeg\" alt=\"\"><\/td><td><span style=\"font-size: 10pt\">Ron-Feder, Galila:<\/span><br><b><strong>Mein liebes Selbst<br><\/strong><\/b><span style=\"font-size: 10pt\"><em>Beltz &amp; Gelberg, Weinheim 1999<\/em><\/span><\/td><td><\/td><td><\/td><\/tr><tr><td><a href=\"https:\/\/www.brodtfoundation.org\/de\/die-tage-nach-dem-anschlag\/\"><img loading=\"lazy\" decoding=\"async\" class=\"alignnone size-full wp-image-1094\" src=\"https:\/\/www.brodtfoundation.org\/de\/wp-content\/uploads\/sites\/3\/2019\/03\/Buchcover-Die-Tage-nach-dem-Anschlag-S.png\" alt=\"\" width=\"80\" height=\"123\"><\/a><\/td><td><span style=\"font-size: 10pt\">Ron-Feder, Galila:<\/span><b><strong><br><a href=\"https:\/\/www.brodtfoundation.org\/de\/die-tage-nach-dem-anschlag\/\">Die Tage nach dem Anschlag<\/a><br><\/strong><\/b><em><span style=\"font-size: 10pt\">Beltz &amp; Gelberg, Weinheim 2000<\/span><\/em><\/td><td><\/td><td><\/td><\/tr><tr><td><img loading=\"lazy\" decoding=\"async\" width=\"236\" height=\"350\" class=\"wp-image-3208\" style=\"width: 80px\" src=\"https:\/\/www.brodtfoundation.org\/de\/wp-content\/uploads\/sites\/3\/2018\/11\/Speed-of-Light.jpeg\" alt=\"\"><\/td><td><span style=\"font-size: 10pt\">Rosen, Sybil:<\/span><b><strong><br>Speed of Light<br><\/strong><\/b><em><span style=\"font-size: 10pt\">Urachhaus, Stuttgart 2001<\/span><\/em><\/td><td><\/td><td><\/td><\/tr><tr><td><img loading=\"lazy\" decoding=\"async\" class=\"alignnone size-full wp-image-1424\" src=\"https:\/\/www.brodtfoundation.org\/de\/wp-content\/uploads\/sites\/3\/2018\/11\/Buchcover-Der-sch\u00f6nste-Hundesommer-der-Welt-S.png\" alt=\"\" width=\"80\" height=\"124\"><\/td><td><span style=\"font-size: 10pt\">Rosenblum, Amalia:<\/span><b><strong><br><a href=\"https:\/\/www.brodtfoundation.org\/de\/der-schoenste-hundesommer-der-welt\">Der sch\u00f6nste Hundesommer der Welt<\/a><br><\/strong><\/b><em><span style=\"font-size: 10pt\">Beltz &amp; Gelberg, Weinheim 2009<\/span><\/em><\/td><td><\/td><td><\/td><\/tr><tr><td><img loading=\"lazy\" decoding=\"async\" class=\"alignnone size-full wp-image-2030\" src=\"https:\/\/www.brodtfoundation.org\/de\/wp-content\/uploads\/sites\/3\/2018\/11\/Buchcover-Was-ist-kann-nicht-verschwinden-S.png\" alt=\"\" width=\"80\" height=\"122\"><\/td><td><span style=\"font-size: 10pt\">Rosenblum, Amalia:<\/span><b><strong><br><a href=\"https:\/\/www.brodtfoundation.org\/de\/was-ist-kann-nicht-verschwinden\">Was ist, kann nicht verschwinden<\/a><br><\/strong><\/b><em><span style=\"font-size: 10pt\">Beltz Verlag, Weinheim 2018<\/span><\/em><\/td><td><\/td><td><\/td><\/tr><tr><td><img loading=\"lazy\" decoding=\"async\" class=\"alignnone size-full wp-image-1913\" src=\"https:\/\/www.brodtfoundation.org\/de\/wp-content\/uploads\/sites\/3\/2018\/11\/Buchcover-Kaleidoskop-S.png\" alt=\"\" width=\"80\" height=\"127\"><\/td><td><span style=\"font-size: 10pt\">Rosman, Yael:<\/span><b><strong><br><a href=\"https:\/\/www.brodtfoundation.org\/de\/kaleidoskop\">Kaleidoskop<\/a><br><\/strong><\/b><em><span style=\"font-size: 10pt\">Alibaba Verlag, Frankfurt a. Main 1991<\/span><\/em><\/td><td><\/td><td><\/td><\/tr><tr><td><img loading=\"lazy\" decoding=\"async\" class=\"alignnone size-full wp-image-1920\" src=\"https:\/\/www.brodtfoundation.org\/de\/wp-content\/uploads\/sites\/3\/2018\/11\/Buchcover-Seltsames-M\u00e4dchen-mit-Ohrringen-S.png\" alt=\"\" width=\"80\" height=\"125\"><\/td><td><span style=\"font-size: 10pt\">Rosman, Yael:<\/span><b><strong><br>Seltsames M\u00e4dchen mit Ohrringen<br><\/strong><\/b><em><span style=\"font-size: 10pt\">Alibaba Verlag, Frankfurt a. Main 1992<\/span><\/em><\/td><td><\/td><td><\/td><\/tr><tr><td><img loading=\"lazy\" decoding=\"async\" width=\"440\" height=\"599\" class=\"wp-image-2972\" style=\"width: 80px\" src=\"https:\/\/www.brodtfoundation.org\/de\/wp-content\/uploads\/sites\/3\/2021\/11\/Bambi.jpeg\" alt=\"\" srcset=\"https:\/\/www.brodtfoundation.org\/de\/wp-content\/uploads\/sites\/3\/2021\/11\/Bambi.jpeg 440w, https:\/\/www.brodtfoundation.org\/de\/wp-content\/uploads\/sites\/3\/2021\/11\/Bambi-400x545.jpeg 400w\" sizes=\"auto, (max-width: 440px) 100vw, 440px\" \/><\/td><td>Salten, Felix: <br><strong><a href=\"https:\/\/www.brodtfoundation.org\/de\/bambi\/\" data-type=\"post\" data-id=\"2975\">Bambi<\/a><\/strong><br><em>Jacoby &amp; Stuart, Berlin 2021<\/em><\/td><td><\/td><td><\/td><\/tr><tr><td><img loading=\"lazy\" decoding=\"async\" width=\"178\" height=\"283\" class=\"wp-image-3690\" style=\"width: 80px\" src=\"https:\/\/www.brodtfoundation.org\/de\/wp-content\/uploads\/sites\/3\/2018\/11\/Kuriositaeten-aus-der-Reisetasche.jpeg\" alt=\"\"><\/td><td>Sandler, Boris:<br><strong>Kuriosit\u00e4ten aus der Reisetasche. Aus dem Jiddischen von Andrea Fiedermutz<\/strong><br><em>Verlag Anton Pustet, Salzburg 202<\/em><\/td><td><\/td><td><\/td><\/tr><tr><td><img loading=\"lazy\" decoding=\"async\" width=\"221\" height=\"350\" class=\"wp-image-3202\" style=\"width: 80px\" src=\"https:\/\/www.brodtfoundation.org\/de\/wp-content\/uploads\/sites\/3\/2018\/11\/Anna-und-der-Schwalbenmann.jpeg\" alt=\"\"><\/td><td><span style=\"font-size: 10pt\">Savit, Gavriel:<\/span><b><strong><br>Anna und der Schwalbenmann<br><\/strong><\/b><em><span style=\"font-size: 10pt\">cbt, M\u00fcnchen 2016<\/span><\/em><\/td><td><\/td><td><\/td><\/tr><tr><td><img loading=\"lazy\" decoding=\"async\" width=\"225\" height=\"350\" class=\"wp-image-3203\" style=\"width: 80px\" src=\"https:\/\/www.brodtfoundation.org\/de\/wp-content\/uploads\/sites\/3\/2018\/11\/Die-wundersame-Weltreise-des-Jonathan-Blum.jpeg\" alt=\"\"><\/td><td><span style=\"font-size: 10pt\">Schr\u00f6der, Rainer M.:<\/span><b><strong><br>Die wundersame Weltreise des Jonathan Blum<br><\/strong><\/b><em><span style=\"font-size: 10pt\">Arena Verlag, W\u00fcrzburg 1995<\/span><\/em><\/td><td><\/td><td><\/td><\/tr><tr><td><img loading=\"lazy\" decoding=\"async\" width=\"238\" height=\"350\" class=\"wp-image-3201\" style=\"width: 80px\" src=\"https:\/\/www.brodtfoundation.org\/de\/wp-content\/uploads\/sites\/3\/2018\/11\/Himmel-ohne-Sterne.jpeg\" alt=\"\"><\/td><td><span style=\"font-size: 10pt\">Schr\u00f6der, Rainer M.:<\/span><b><strong><br>Himmel ohne Sterne<br><\/strong><\/b><em><span style=\"font-size: 10pt\">cbj, M\u00fcnchen 2015<\/span><\/em><\/td><td><\/td><td><\/td><\/tr><tr><td><img loading=\"lazy\" decoding=\"async\" width=\"254\" height=\"372\" class=\"wp-image-3738\" style=\"width: 80px\" src=\"https:\/\/www.brodtfoundation.org\/de\/wp-content\/uploads\/sites\/3\/2018\/11\/Fenster-in-der-Nacht.-Geschichten-der-Hoffnung.jpeg\" alt=\"\"><\/td><td>Shusterman, Neal; Mart\u00ednez, Andr\u00e9s Vera:<br><strong><a href=\"https:\/\/www.brodtfoundation.org\/de\/fenster-in-der-nacht-geschichten-der-hoffnung\/\" data-type=\"link\" data-id=\"https:\/\/www.brodtfoundation.org\/de\/fenster-in-der-nacht-geschichten-der-hoffnung\/\">Fenster in der Nacht. Geschichten der Hoffnung<\/a><\/strong><br>Loewe Verlag, Bindlach 2024<\/td><td><\/td><td><\/td><\/tr><tr><td><img loading=\"lazy\" decoding=\"async\" width=\"126\" height=\"200\" class=\"wp-image-3945\" style=\"width: 80px\" src=\"https:\/\/www.brodtfoundation.org\/de\/wp-content\/uploads\/sites\/3\/2025\/02\/retro-geh-nicht-online.jpg\" alt=\"\"><\/td><td>Shusterman, Jarrod; Lapuente, Sofia:<br><strong><a href=\"https:\/\/www.brodtfoundation.org\/de\/wp-admin\/post.php?post=3942&amp;action=edit\" data-type=\"link\" data-id=\"https:\/\/www.brodtfoundation.org\/de\/wp-admin\/post.php?post=3942&amp;action=edit\">Retro \u2013 Geh nicht online<\/a><\/strong><br><em>Fischer Sauerl\u00e4nder, Frankfurt am Main 2024<\/em><\/td><td><\/td><td><\/td><\/tr><tr><td><img loading=\"lazy\" decoding=\"async\" class=\"alignnone size-full wp-image-1931\" src=\"https:\/\/www.brodtfoundation.org\/de\/wp-content\/uploads\/sites\/3\/2018\/11\/Buchcover-Das-goldene-Tagebuch-S-1.png\" alt=\"\" width=\"80\" height=\"121\"><\/td><td><span style=\"font-size: 10pt\">Sch\u00fctz, David:<\/span><b><strong><br><a href=\"https:\/\/www.brodtfoundation.org\/de\/das-goldene-tagebuch\">Das goldene Tagebuch<\/a><br><\/strong><\/b><em><span style=\"font-size: 10pt\">Alibaba Verlag, Frankfurt a. Main 1991<\/span><\/em><\/td><td><\/td><td><\/td><\/tr><tr><td><img loading=\"lazy\" decoding=\"async\" class=\"alignnone size-full wp-image-1933\" src=\"https:\/\/www.brodtfoundation.org\/de\/wp-content\/uploads\/sites\/3\/2018\/11\/Buchcover-Joel-und-Jael-S.png\" alt=\"\" width=\"80\" height=\"120\"><\/td><td><span style=\"font-size: 10pt\">Schwarz(-Gardos), Alice:<\/span><b><strong><br>Joel und Jael. Eine Geschichte von Sabres, R\u00e4ubern und Spionen<br><\/strong><\/b><em><span style=\"font-size: 10pt\">Franckh Verlag, Stuttgart 1963<\/span><\/em><\/td><td><\/td><td><\/td><\/tr><tr><td><img loading=\"lazy\" decoding=\"async\" class=\"alignnone size-full wp-image-1935\" src=\"https:\/\/www.brodtfoundation.org\/de\/wp-content\/uploads\/sites\/3\/2018\/11\/Buchcover-Entscheidung-im-Jordantal-S.png\" alt=\"\" width=\"80\" height=\"119\"><\/td><td><span style=\"font-size: 10pt\">Schwarz(-Gardos), Alice:<\/span><b><strong><br><a href=\"https:\/\/www.brodtfoundation.org\/de\/entscheidung-im-jordantal\">Entscheidung im Jordantal<\/a><br><\/strong><\/b><em><span style=\"font-size: 10pt\">Franckh Verlag, Stuttgart 1965<\/span><\/em><\/td><td><\/td><td><\/td><\/tr><tr><td><img loading=\"lazy\" decoding=\"async\" width=\"234\" height=\"350\" class=\"wp-image-3204\" style=\"width: 80px\" src=\"https:\/\/www.brodtfoundation.org\/de\/wp-content\/uploads\/sites\/3\/2018\/11\/Harry-Heine-und-der-Morgenla\u0308nder.jpg\" alt=\"\"><\/td><td><span style=\"font-size: 10pt\">Seidel, J\u00fcrgen:<\/span><b><strong><br>Harry Heine und der Morgenl\u00e4nder<br><\/strong><\/b><em><span style=\"font-size: 10pt\">Beltz &amp; Gelberg, Weinheim 1997<\/span><\/em><\/td><td><\/td><td><\/td><\/tr><tr><td><img loading=\"lazy\" decoding=\"async\" class=\"alignnone size-full wp-image-1942\" src=\"https:\/\/www.brodtfoundation.org\/de\/wp-content\/uploads\/sites\/3\/2018\/11\/Buchcover-Gerschona-S.png\" alt=\"\" width=\"80\" height=\"120\"><\/td><td><span style=\"font-size: 10pt\">Semel, Nava:<\/span><b><strong><br>Gerschona<br><\/strong><\/b><em><span style=\"font-size: 10pt\">Alibaba Verlag, Frankfurt a. Main 1993<\/span><\/em><\/td><td><\/td><td><\/td><\/tr><tr><td><img loading=\"lazy\" decoding=\"async\" class=\"alignnone size-full wp-image-1944\" src=\"https:\/\/www.brodtfoundation.org\/de\/wp-content\/uploads\/sites\/3\/2018\/11\/Buchcover-Flugstunden-S.png\" alt=\"\" width=\"80\" height=\"117\"><\/td><td><span style=\"font-size: 10pt\">Semel, Nava:<\/span><b><strong><br><a href=\"https:\/\/www.brodtfoundation.org\/de\/flugstunden\">Flugstunden<\/a><br><\/strong><\/b><em><span style=\"font-size: 10pt\">Elefanten Press, Berlin 1995 (Beltz &amp; Gelberg, Weinheim 2000)<\/span><\/em><\/td><td><\/td><td><\/td><\/tr><tr><td><img loading=\"lazy\" decoding=\"async\" class=\"alignnone size-full wp-image-1959\" src=\"https:\/\/www.brodtfoundation.org\/de\/wp-content\/uploads\/sites\/3\/2018\/11\/Buchcover-Die-Braut-meines-Bruders-S.png\" alt=\"\" width=\"80\" height=\"119\"><\/td><td><span style=\"font-size: 10pt\">Semel, Nava:<\/span><b><strong><br><a href=\"https:\/\/www.brodtfoundation.org\/de\/die-braut-meines-bruders\">Die Braut meines Bruders<\/a><br><\/strong><\/b><em><span style=\"font-size: 10pt\">Beltz &amp; Gelberg, Weinheim 2003<\/span><\/em><\/td><td><\/td><td><\/td><\/tr><tr><td><img loading=\"lazy\" decoding=\"async\" width=\"221\" height=\"350\" class=\"wp-image-3205\" style=\"width: 80px\" src=\"https:\/\/www.brodtfoundation.org\/de\/wp-content\/uploads\/sites\/3\/2018\/11\/Liebe-fu\u0308r-Anfa\u0308nger.jpeg\" alt=\"\"><\/td><td><span style=\"font-size: 10pt\">Semel, Nava:<\/span><b><strong><br>Liebe f\u00fcr Anf\u00e4nger<br><\/strong><\/b><em><span style=\"font-size: 10pt\">Verlagshaus Jacoby &amp; Stuart,&nbsp;Berlin 2010<\/span><\/em><\/td><td><\/td><td><\/td><\/tr><tr><td><a href=\"https:\/\/www.brodtfoundation.org\/de\/der-kleine-prinz\/\"><img loading=\"lazy\" decoding=\"async\" class=\"alignnone size-full wp-image-1100\" src=\"https:\/\/www.brodtfoundation.org\/de\/wp-content\/uploads\/sites\/3\/2019\/03\/Buchcover-Der-kleine-Prinz-S.png\" alt=\"\" width=\"80\" height=\"123\"><\/a><\/td><td><span style=\"font-size: 10pt\">Sfar, Joann:<\/span><b><strong><br><a href=\"https:\/\/www.brodtfoundation.org\/de\/der-kleine-prinz\/\">Der kleine Prinz, Graphic Novel<\/a><br><\/strong><\/b><em><span style=\"font-size: 10pt\">Carlsen Verlag, Hamburg 2009<\/span><\/em><\/td><td><\/td><td><\/td><\/tr><tr><td><img loading=\"lazy\" decoding=\"async\" width=\"283\" height=\"368\" class=\"wp-image-3968\" style=\"width: 80px\" src=\"https:\/\/www.brodtfoundation.org\/de\/wp-content\/uploads\/sites\/3\/2018\/11\/Desmodus-der-Vampir.jpg\" alt=\"\"><\/td><td>Sfar, Joann:<br><strong>Desmodus der Vampir, Band 1, 2, 3, 4<\/strong><br><em>avant Verlag, Berlin 2007<\/em><\/td><td><\/td><td><\/td><\/tr><tr><td><img loading=\"lazy\" decoding=\"async\" class=\"alignnone size-full wp-image-2037\" src=\"https:\/\/www.brodtfoundation.org\/de\/wp-content\/uploads\/sites\/3\/2018\/11\/Buchcover-Ich-tr\u00e4ume-vom-Frieden-S.png\" alt=\"\" width=\"80\" height=\"132\"><\/td><td><span style=\"font-size: 10pt\">Shahak, Bat-Chen:<\/span><b><strong><br><a href=\"https:\/\/www.brodtfoundation.org\/de\/ich-traeume-vom-frieden\">Ich tr\u00e4ume vom Frieden<\/a><br><\/strong><\/b><em><em><span style=\"font-size: 10pt\">Aviva Verlag, Berlin 2008<\/span><\/em><\/em><\/td><td><\/td><td><\/td><\/tr><tr><td><img loading=\"lazy\" decoding=\"async\" class=\"alignnone size-full wp-image-1973\" src=\"https:\/\/www.brodtfoundation.org\/de\/wp-content\/uploads\/sites\/3\/2018\/11\/Buchcover-Fahrt-mit-Umwegen-S.png\" alt=\"\" width=\"80\" height=\"115\"><\/td><td><span style=\"font-size: 10pt\">Shamir, Moshe:<\/span><b><strong><br><a href=\"https:\/\/www.brodtfoundation.org\/de\/fahrt-mit-umwegen\">Fahrt mit Umwegen<\/a><br><\/strong><\/b><em><em><span style=\"font-size: 10pt\">Klopp Verlag, Berlin 1964<\/span><\/em><\/em><\/td><td><\/td><td><\/td><\/tr><tr><td><img loading=\"lazy\" decoding=\"async\" class=\"alignnone size-full wp-image-2454\" src=\"https:\/\/www.brodtfoundation.org\/de\/wp-content\/uploads\/sites\/3\/2018\/11\/Buchcover-Das-M\u00e4dchen-mit-den-drei-Namen-S.png\" alt=\"\" width=\"80\" height=\"122\"><\/td><td><span style=\"font-size: 10pt\">Shem-Tov, Tami:<\/span><b><strong><br><a href=\"https:\/\/www.brodtfoundation.org\/de\/das-maedchen-mit-den-drei-namen\">Das M\u00e4dchen mit den drei Namen<\/a><br><\/strong><\/b><em><span style=\"font-size: 10pt\">Fischer Verlag, Frankfurt 2010<\/span><\/em><\/td><td><\/td><td><\/td><\/tr><tr><td><img loading=\"lazy\" decoding=\"async\" width=\"215\" height=\"350\" class=\"wp-image-3216\" style=\"width: 80px\" src=\"https:\/\/www.brodtfoundation.org\/de\/wp-content\/uploads\/sites\/3\/2018\/11\/Aron-und-der-Ko\u0308nig-der-Kinder.jpeg\" alt=\"\"><\/td><td><span style=\"font-size: 10pt\">Shepard, Jim:<\/span><b><strong><br>Aron und der K\u00f6nig der Kinder<br><\/strong><\/b><em><span style=\"font-size: 10pt\">C.H.Beck Verlag, M\u00fcnchen 2016<\/span><\/em><\/td><td><\/td><td><\/td><\/tr><tr><td><img loading=\"lazy\" decoding=\"async\" class=\"alignnone size-full wp-image-2503\" src=\"https:\/\/www.brodtfoundation.org\/de\/wp-content\/uploads\/sites\/3\/2018\/11\/Buchcover-Kompass-ohne-Norden-S.png\" alt=\"\" width=\"80\" height=\"122\"><\/td><td><span style=\"font-size: 10pt\">Shusterman, Neal \/ Shusterman, Brendan:<\/span><b><br><a href=\"https:\/\/www.brodtfoundation.org\/de\/kompass-ohne-norden\">Kompass ohne Norden<\/a><br><\/b><span style=\"font-size: 10pt\"><i>Hanser Verlag, M\u00fcnchen \/ Berlin 2018<\/i><\/span><\/td><td><\/td><td><\/td><\/tr><tr><td><img loading=\"lazy\" decoding=\"async\" class=\"alignnone size-full wp-image-2616\" src=\"https:\/\/www.brodtfoundation.org\/de\/wp-content\/uploads\/sites\/3\/2018\/11\/Buchcover-DRY-S.png\" alt=\"\" width=\"80\" height=\"126\"><\/td><td><span style=\"font-size: 10pt\">Shusterman, Neal \/ Shusterman, Jarrod:<\/span><b><br><a href=\"https:\/\/www.brodtfoundation.org\/de\/dry\">DRY<\/a><br><\/b><i><span style=\"font-size: small\">Fischer\/Sauerl\u00e4nder Verlag, Frankfurt a. Main 2019<\/span><\/i><\/td><td><\/td><td><\/td><\/tr><tr><td><img loading=\"lazy\" decoding=\"async\" width=\"651\" height=\"1000\" class=\"wp-image-3750\" style=\"width: 80px\" src=\"https:\/\/www.brodtfoundation.org\/de\/wp-content\/uploads\/sites\/3\/2018\/11\/Roxy-ein-kurzer-Rausch-ein-langer-Schmerz.jpg\" alt=\"\" srcset=\"https:\/\/www.brodtfoundation.org\/de\/wp-content\/uploads\/sites\/3\/2018\/11\/Roxy-ein-kurzer-Rausch-ein-langer-Schmerz.jpg 651w, https:\/\/www.brodtfoundation.org\/de\/wp-content\/uploads\/sites\/3\/2018\/11\/Roxy-ein-kurzer-Rausch-ein-langer-Schmerz-400x614.jpg 400w, https:\/\/www.brodtfoundation.org\/de\/wp-content\/uploads\/sites\/3\/2018\/11\/Roxy-ein-kurzer-Rausch-ein-langer-Schmerz-488x750.jpg 488w\" sizes=\"auto, (max-width: 651px) 100vw, 651px\" \/><\/td><td>Shusterman, Neal &amp; Jarrod:&nbsp;<br><strong><a href=\"https:\/\/www.brodtfoundation.org\/de\/?p=3752\" data-type=\"link\" data-id=\"https:\/\/www.brodtfoundation.org\/de\/?p=3752\">Roxy, ein kurzer Rausch, ein langer Schmerz<\/a><\/strong><br>Sauerl\u00e4nderverlag, Frankfurt a. Main 2022<\/td><td><\/td><td><\/td><\/tr><tr><td><img loading=\"lazy\" decoding=\"async\" width=\"234\" height=\"350\" class=\"wp-image-3220\" style=\"width: 80px\" src=\"https:\/\/www.brodtfoundation.org\/de\/wp-content\/uploads\/sites\/3\/2018\/11\/Mein-Freund-David.jpg\" alt=\"\"><\/td><td><span style=\"font-size: 10pt\">Sichrovsky, Peter:<\/span><b><strong><br>Mein Freund David<br><\/strong><\/b><em><span style=\"font-size: 10pt\">Nagel &amp; Kimche, Z\u00fcrich 1993<\/span><\/em><\/td><td><\/td><td><\/td><\/tr><tr><td><a href=\"https:\/\/www.brodtfoundation.org\/de\/ein-licht-unterm-dach\/\"><img loading=\"lazy\" decoding=\"async\" class=\"alignnone size-full wp-image-1090\" src=\"https:\/\/www.brodtfoundation.org\/de\/wp-content\/uploads\/sites\/3\/2019\/03\/Buchcover-Ein-Licht-unterm-Dach-S.png\" alt=\"\" width=\"80\" height=\"123\"><\/a><\/td><td><span style=\"font-size: 10pt\">Silverstein, Shel:<\/span><b><strong><br><a href=\"https:\/\/www.brodtfoundation.org\/de\/ein-licht-unterm-dach\/\">Ein Licht unterm Dach<\/a><br><\/strong><\/b><em><span style=\"font-size: 10pt\">Kein &amp; Aber, Z\u00fcrich 2010<\/span><\/em><\/td><td><\/td><td><\/td><\/tr><tr><td><img loading=\"lazy\" decoding=\"async\" class=\"alignnone size-full wp-image-2045\" src=\"https:\/\/www.brodtfoundation.org\/de\/wp-content\/uploads\/sites\/3\/2018\/11\/Buchcover-Zlateh-die-Gei\u00df-S.png\" alt=\"\" width=\"80\" height=\"121\"><\/td><td><span style=\"font-size: 10pt\">Singer, Isaac Bashevis:<\/span><b><strong><br><a href=\"https:\/\/www.brodtfoundation.org\/de\/zlateh-die-geiss-und-andere-geschichten\">Zlathe die Gei\u00df und andere Geschichten<\/a><br><\/strong><\/b><em><span style=\"font-size: 10pt\">Sauerl\u00e4nder Verlag, Frankfurt 1966 \/ Neuauflage: Aladin Verlag, Hamburg 2017<\/span><\/em><\/td><td><\/td><td><\/td><\/tr><tr><td><img loading=\"lazy\" decoding=\"async\" width=\"273\" height=\"350\" class=\"wp-image-3215\" style=\"width: 80px\" src=\"https:\/\/www.brodtfoundation.org\/de\/wp-content\/uploads\/sites\/3\/2018\/11\/Als-Schlemihl-nach-Warschau-ging-Kopie.jpg\" alt=\"\"><\/td><td><span style=\"font-size: 10pt\">Singer, Isaac Bashevis:<\/span><b><strong><br>Als Schlemihl nach Warschau ging<br><\/strong><\/b><em><span style=\"font-size: 10pt\">Sauerl\u00e4nder Verlag, Frankfurt 1968<\/span><\/em><\/td><td><\/td><td><\/td><\/tr><tr><td><img loading=\"lazy\" decoding=\"async\" width=\"205\" height=\"350\" class=\"wp-image-3217\" style=\"width: 80px\" src=\"https:\/\/www.brodtfoundation.org\/de\/wp-content\/uploads\/sites\/3\/2018\/11\/Die-Narren-von-Chelm.jpeg\" alt=\"\"><\/td><td><span style=\"font-size: 10pt\">Singer, Isaac Bashevis:<\/span><b><strong><br>Die Narren von Chelm<br><\/strong><\/b><em><span style=\"font-size: 10pt\">Sanssouci Verlag, M\u00fcnchen 2001<\/span><\/em><\/td><td><\/td><td><\/td><\/tr><tr><td><img loading=\"lazy\" decoding=\"async\" width=\"263\" height=\"350\" class=\"wp-image-3221\" style=\"width: 80px\" src=\"https:\/\/www.brodtfoundation.org\/de\/wp-content\/uploads\/sites\/3\/2018\/11\/Noahs-Taube.jpg\" alt=\"\"><\/td><td><span style=\"font-size: 10pt\">Singer, Isaac Bashevis:<\/span><b><strong><br>Noahs Taube<br><\/strong><\/b><em><span style=\"font-size: 10pt\">Gerstenberg Verlag, Hildesheim 2001<\/span><\/em><\/td><td><\/td><td><\/td><\/tr><tr><td><img loading=\"lazy\" decoding=\"async\" width=\"389\" height=\"350\" class=\"wp-image-3219\" style=\"width: 80px\" src=\"https:\/\/www.brodtfoundation.org\/de\/wp-content\/uploads\/sites\/3\/2018\/11\/Massel-und-Schlamassel.jpeg\" alt=\"\"><\/td><td><span style=\"font-size: 10pt\">Singer, Isaac Bashevis:<\/span><b><strong><br>Massel und Schlamassel<br><\/strong><\/b><em><span style=\"font-size: 10pt\">Hanser Verlag, M\u00fcnchen 2004<\/span><\/em><\/td><td><\/td><td><\/td><\/tr><tr><td><img loading=\"lazy\" decoding=\"async\" width=\"425\" height=\"566\" class=\"wp-image-3779\" style=\"width: 80px\" src=\"https:\/\/www.brodtfoundation.org\/de\/wp-content\/uploads\/sites\/3\/2018\/11\/Ein-stiller-Held-des-Holocaust-und-die-Kinder-die-er-rettete.jpg\" alt=\"\" srcset=\"https:\/\/www.brodtfoundation.org\/de\/wp-content\/uploads\/sites\/3\/2018\/11\/Ein-stiller-Held-des-Holocaust-und-die-Kinder-die-er-rettete.jpg 425w, https:\/\/www.brodtfoundation.org\/de\/wp-content\/uploads\/sites\/3\/2018\/11\/Ein-stiller-Held-des-Holocaust-und-die-Kinder-die-er-rettete-400x533.jpg 400w\" sizes=\"auto, (max-width: 425px) 100vw, 425px\" \/><\/td><td>S\u00eds, Peter:<br><strong>Nick &amp; Vera \u2013&nbsp;Ein stiller Held des Holocaust und die Kinder, die er rettete<\/strong><br><em>Gerstenberg Verlag, Hildesheim 2022<\/em><\/td><td><\/td><td><\/td><\/tr><tr><td><img loading=\"lazy\" decoding=\"async\" class=\"alignnone size-full wp-image-2625\" src=\"https:\/\/www.brodtfoundation.org\/de\/wp-content\/uploads\/sites\/3\/2018\/11\/Buchcover-Bus-57-S.png\" alt=\"\" width=\"80\" height=\"120\"><\/td><td><span style=\"font-size: 10pt\">Slater, Dashka:<\/span><b><strong><br><a href=\"https:\/\/www.brodtfoundation.org\/de\/bus-57\">Bus 57<\/a><br><\/strong><\/b><em><span style=\"font-size: 10pt\">Loewe Verlag, Bindlach 2019<\/span><\/em><\/td><td><\/td><td><\/td><\/tr><tr><td><img loading=\"lazy\" decoding=\"async\" class=\"alignnone size-full wp-image-1978\" src=\"https:\/\/www.brodtfoundation.org\/de\/wp-content\/uploads\/sites\/3\/2018\/11\/Buchcover-Der-Retter-von-Chula-S.png\" alt=\"\" width=\"80\" height=\"111\"><\/td><td><span style=\"font-size: 10pt\">Smolly, Eliezer:<\/span><b><strong><br><a href=\"https:\/\/www.brodtfoundation.org\/de\/der-retter-von-chula-juedische-jugend-geschichten-aus-dem-neuen-palaestina\">Der Retter von Chula, J\u00fcdische Jugend-Geschichten aus dem neuen Pal\u00e4stina<\/a><br><\/strong><\/b><em><span style=\"font-size: 10pt\">Erich Reuss Verlag, Berlin 1935<\/span><\/em><\/td><td><\/td><td><\/td><\/tr><tr><td><\/td><td><span style=\"font-size: 10pt\">Smolly, Eliezer:<\/span><b><strong><br>Sie waren die ersten (sic)<br><\/strong><\/b><em><span style=\"font-size: 10pt\">Schweizer Jugendbuch Verlag, Solothurn 1965<\/span><\/em><\/td><td><\/td><td><\/td><\/tr><tr><td><img loading=\"lazy\" decoding=\"async\" width=\"237\" height=\"350\" class=\"wp-image-3222\" style=\"width: 80px\" src=\"https:\/\/www.brodtfoundation.org\/de\/wp-content\/uploads\/sites\/3\/2018\/11\/Und-frei-bist-Du-noch-lange-nicht.jpg\" alt=\"\"><\/td><td><span style=\"font-size: 10pt\">Stern, Adriana:<\/span><b><strong><br>Und frei bist Du noch lange nicht<br><\/strong><\/b><em><span style=\"font-size: 10pt\">Ariella Verlag, Berlin 2016<\/span><\/em><\/td><td><\/td><td><\/td><\/tr><tr><td><img loading=\"lazy\" decoding=\"async\" width=\"358\" height=\"499\" class=\"wp-image-3534\" style=\"width: 80px\" src=\"https:\/\/www.brodtfoundation.org\/de\/wp-content\/uploads\/sites\/3\/2018\/11\/Vo\u0308llig-meschugge.jpg\" alt=\"\"><\/td><td>Steinh\u00f6fel, Andreas \/ Garanin, Melanie<br><strong><a href=\"https:\/\/www.brodtfoundation.org\/de\/voellig-meschugge\/\">V\u00f6llig meschugge?!<\/a><\/strong><br><em>Carlsen Verlag, Hamburg 2022<\/em><\/td><td><\/td><td><\/td><\/tr><tr><td><img loading=\"lazy\" decoding=\"async\" width=\"228\" height=\"350\" class=\"wp-image-3218\" style=\"width: 80px\" src=\"https:\/\/www.brodtfoundation.org\/de\/wp-content\/uploads\/sites\/3\/2018\/11\/Flu\u0308gel-aus-Papier.jpeg\" alt=\"\"><\/td><td><span style=\"font-size: 10pt\">Szczygielski, Marcin:<\/span><b><strong><br>Fl\u00fcgel aus Papier<br><\/strong><\/b><em><span style=\"font-size: 10pt\">Fischer Verlag, Frankfurt a. Main 2016<\/span><\/em><\/td><td><\/td><td><\/td><\/tr><tr><td><img loading=\"lazy\" decoding=\"async\" class=\"alignnone size-full wp-image-2692\" src=\"https:\/\/www.brodtfoundation.org\/de\/wp-content\/uploads\/sites\/3\/2018\/11\/Buchcover-Hat-keine-Fluegel-S.png\" alt=\"\" width=\"80\" height=\"127\"><\/td><td><span style=\"font-size: 10pt\">Targownik, Amili:<\/span><b><br><a href=\"https:\/\/www.brodtfoundation.org\/de\/hat-keine-fluegel-kann-aber-fliegen-meine-geschichte\">Hat keine Fl\u00fcgel, kann aber fliegen &#8211; Meine Geschichte<\/a><br><\/b><i><span style=\"font-size: small\">Penguin Verlag, M\u00fcnchen 2020<\/span><\/i><\/td><td><\/td><td><\/td><\/tr><tr><td><img loading=\"lazy\" decoding=\"async\" width=\"270\" height=\"425\" class=\"wp-image-3959\" style=\"width: 80px\" src=\"https:\/\/www.brodtfoundation.org\/de\/wp-content\/uploads\/sites\/3\/2018\/11\/Die-Maedchenfamilie.jpg\" alt=\"\"><\/td><td>Taylor, Sydney (Text); Olschowy, Michael (Illu.)<br><strong>Die M\u00e4dchenfamilie<\/strong><br><em>Georg Bitter Verlag, Recklinghausen 1980<\/em><\/td><td><\/td><td><\/td><\/tr><tr><td><i><\/i><img loading=\"lazy\" decoding=\"async\" class=\"alignnone size-full wp-image-1986\" src=\"https:\/\/www.brodtfoundation.org\/de\/wp-content\/uploads\/sites\/3\/2018\/11\/Buchcover-Wann-kommst-du-zur\u00fcck-S.png\" alt=\"\" width=\"80\" height=\"116\"><\/td><td><span style=\"font-size: 10pt\">Tepper, Yona:<\/span><b><strong><br>Wann kommst du zur\u00fcck?<br><\/strong><\/b><em><span style=\"font-size: 10pt\">Alibaba Verlag, Frankfurt a. Main 1991<\/span><\/em><\/td><td><\/td><td><\/td><\/tr><tr><td><img loading=\"lazy\" decoding=\"async\" class=\"alignnone size-full wp-image-1987\" src=\"https:\/\/www.brodtfoundation.org\/de\/wp-content\/uploads\/sites\/3\/2018\/11\/Buchcover-David-halb-und-halb-S.png\" alt=\"\" width=\"80\" height=\"120\"><\/td><td><span style=\"font-size: 10pt\">Tepper, Yona:<\/span><b><strong><br><a href=\"https:\/\/www.brodtfoundation.org\/de\/david-halb-und-halb\">David-halb-und-halb<\/a><br><\/strong><\/b><em><span style=\"font-size: 10pt\">Alibaba Verlag, Frankfurt a. Main 1993<\/span><\/em><\/td><td><\/td><td><\/td><\/tr><tr><td><img loading=\"lazy\" decoding=\"async\" width=\"232\" height=\"350\" class=\"wp-image-3227\" style=\"width: 80px\" src=\"https:\/\/www.brodtfoundation.org\/de\/wp-content\/uploads\/sites\/3\/2018\/11\/Die-Kinder-aus-Nr.-67.jpeg\" alt=\"\"><\/td><td><span style=\"font-size: 10pt\">Tetzner, Lisa:<\/span><b><strong><br>Die Kinder aus Nr. 67<br><\/strong><\/b><em><span style=\"font-size: 10pt\">Carlsen Verlag, Hamburg 2004<\/span><\/em><\/td><td><\/td><td><\/td><\/tr><tr><td><img loading=\"lazy\" decoding=\"async\" class=\"alignnone size-full wp-image-2838\" src=\"https:\/\/www.brodtfoundation.org\/de\/wp-content\/uploads\/sites\/3\/2018\/11\/herzl-s.png\" alt=\"\" width=\"80\" height=\"114\"><\/td><td><span style=\"font-size: 10pt\">Toledo de, Camille:<\/span><b><strong><br><a href=\"https:\/\/www.brodtfoundation.org\/de\/herzl-eine-europaeische-geschichte\">Herzl &#8211; eine europ\u00e4ische Geschichte.<\/a><br><\/strong><\/b><em><span style=\"font-size: 10pt\">Graphic Novel, Suhrkamp Verlag, Berlin 2020<\/span><\/em><\/td><td><\/td><td><\/td><\/tr><tr><td><img loading=\"lazy\" decoding=\"async\" class=\"alignnone size-full wp-image-2059\" src=\"https:\/\/www.brodtfoundation.org\/de\/wp-content\/uploads\/sites\/3\/2018\/11\/Buchcover-Nesth\u00e4kchens-Backfischzeit-S.png\" alt=\"\" width=\"80\" height=\"126\"><\/td><td><span style=\"font-size: 10pt\">Ury, Else:<\/span><b><strong><br><a href=\"https:\/\/www.brodtfoundation.org\/de\/nesthaekchens-backfischzeit\">Nesth\u00e4kchens Backfischzeit<\/a><br><\/strong><\/b><em><span style=\"font-size: 10pt\">Hoch-Verlag, D\u00fcsseldorf 1997<\/span><\/em><\/td><td><\/td><td><\/td><\/tr><tr><td><img loading=\"lazy\" decoding=\"async\" width=\"241\" height=\"350\" class=\"wp-image-3230\" style=\"width: 80px\" src=\"https:\/\/www.brodtfoundation.org\/de\/wp-content\/uploads\/sites\/3\/2018\/11\/Professors-Zwillinge.jpg\" alt=\"\"><\/td><td><span style=\"font-size: 10pt\">Ury, Else:<\/span><b><strong><br>Professors Zwillinge<br><\/strong><\/b><em><span style=\"font-size: 10pt\">Thienemann Verlag, Esslingen 1998<\/span><\/em><\/td><td><\/td><td><\/td><\/tr><tr><td><img loading=\"lazy\" decoding=\"async\" class=\"alignnone size-full wp-image-2241\" src=\"https:\/\/www.brodtfoundation.org\/de\/wp-content\/uploads\/sites\/3\/2018\/11\/Buchcover-Anne-Frank-S.png\" alt=\"\" width=\"80\" height=\"103\"><\/td><td><span style=\"font-size: 10pt\">Vegara, S\u00e1nchez Isabel (Autor) \/ Sveta, Dorosheva (Illustrator):<\/span><b><strong><br>Anne Frank<br><\/strong><\/b><em><span style=\"font-size: 10pt\">Suhrkamp \/ Insel Verlag, Frankfurt a. Main 2019<\/span><\/em><\/td><td><\/td><td><\/td><\/tr><tr><td><img loading=\"lazy\" decoding=\"async\" class=\"alignnone size-full wp-image-2440\" src=\"https:\/\/www.brodtfoundation.org\/de\/wp-content\/uploads\/sites\/3\/2018\/11\/Buchcover-Aftershock-S.png\" alt=\"\" width=\"80\" height=\"117\"><\/td><td><span style=\"font-size: 10pt\">Verete-Zehavi, Tamar:<\/span><b><strong><br>Aftershock<br><\/strong><\/b><em><span style=\"font-size: 10pt\">cbj, M\u00fcnchen 2010<\/span><\/em><\/td><td><\/td><td><\/td><\/tr><tr><td><img loading=\"lazy\" decoding=\"async\" width=\"752\" height=\"1080\" class=\"wp-image-2989\" style=\"width: 80px\" src=\"https:\/\/www.brodtfoundation.org\/de\/wp-content\/uploads\/sites\/3\/2018\/11\/Die-Bilderwelt-des-Walter-Trier.jpeg\" alt=\"\" srcset=\"https:\/\/www.brodtfoundation.org\/de\/wp-content\/uploads\/sites\/3\/2018\/11\/Die-Bilderwelt-des-Walter-Trier.jpeg 752w, https:\/\/www.brodtfoundation.org\/de\/wp-content\/uploads\/sites\/3\/2018\/11\/Die-Bilderwelt-des-Walter-Trier-400x574.jpeg 400w, https:\/\/www.brodtfoundation.org\/de\/wp-content\/uploads\/sites\/3\/2018\/11\/Die-Bilderwelt-des-Walter-Trier-522x750.jpeg 522w\" sizes=\"auto, (max-width: 752px) 100vw, 752px\" \/><\/td><td>Warthorst, Antje M. <br><strong><a href=\"https:\/\/www.brodtfoundation.org\/de\/die-bilderwelt-des-walter-trier\/\" data-type=\"post\" data-id=\"2992\">Die Bilderwelt des Walter Trier<\/a><\/strong><br><em>Die Favoriten Presse, Berlin 2021<\/em><\/td><td><\/td><td><\/td><\/tr><tr><td><img loading=\"lazy\" decoding=\"async\" width=\"282\" height=\"436\" class=\"wp-image-3925\" style=\"width: 80px\" src=\"https:\/\/www.brodtfoundation.org\/de\/wp-content\/uploads\/sites\/3\/2018\/11\/Davids-Dilemma.-Eine-unglueckliche-Verkettung-nich-ganz-so-weiser-Entscheidungen-Kopie.jpg\" alt=\"\"><\/td><td>Wattin, Danny&nbsp;<br><strong><a href=\"https:\/\/www.brodtfoundation.org\/de\/?p=3928&amp;preview=true&amp;_thumbnail_id=3925\" data-type=\"link\" data-id=\"https:\/\/www.brodtfoundation.org\/de\/?p=3928&amp;preview=true&amp;_thumbnail_id=3925\">Davids Dilemma. Eine ungl\u00fcckliche Verkettung nich ganz so weiser Entscheidungen<\/a><\/strong><br><em>Loewe Verlag, Bindlach 2024<\/em><\/td><td><\/td><td><\/td><\/tr><tr><td><img loading=\"lazy\" decoding=\"async\" width=\"283\" height=\"375\" class=\"wp-image-3933\" style=\"width: 72px\" src=\"https:\/\/www.brodtfoundation.org\/de\/wp-content\/uploads\/sites\/3\/2018\/11\/Die-Geschichte-von-Ruth-Klueger-wie-ein-kleines-Maedchen-mit-Glueck-und-Gedichten-am-Leben.png\" alt=\"\"><\/td><td>Weber, Thomas; Gl\u00fcck, Florine (Illustrationen)<br><strong>Die Geschichte von Ruth Kl\u00fcger \u2013 Wie ein kleines M\u00e4dchen mit Gl\u00fcck und Gedichten am Leben blieb<\/strong><br><em>Edition Biorama, Wien 2022<\/em><\/td><td><\/td><td><\/td><\/tr><tr><td><img loading=\"lazy\" decoding=\"async\" class=\"alignnone size-full wp-image-2061\" src=\"https:\/\/www.brodtfoundation.org\/de\/wp-content\/uploads\/sites\/3\/2018\/11\/Buchcover-Die-Zwick-Zwillinge-l\u00f6sen-ein-verzwicktes-Problem-S.png\" alt=\"\" width=\"80\" height=\"106\"><\/td><td><span style=\"font-size: 10pt\">Weiner, Elli s:<\/span><b><strong><br><a href=\"https:\/\/www.brodtfoundation.org\/de\/die-zwick-zwillinge-loesen-ein-verzwicktes-problem\">Die Zwick-Zwillinge l\u00f6sen ein verzwicktes Problem<\/a><br><\/strong><\/b><em><span style=\"font-size: 10pt\">Hanser Verlag, M\u00fcnchen 2013<\/span><\/em><\/td><td><\/td><td><\/td><\/tr><tr><td><img loading=\"lazy\" decoding=\"async\" width=\"223\" height=\"350\" class=\"wp-image-3225\" style=\"width: 80px\" src=\"https:\/\/www.brodtfoundation.org\/de\/wp-content\/uploads\/sites\/3\/2018\/11\/Besuch-aus-der-Vergangenheit.jpeg\" alt=\"\"><\/td><td><span style=\"font-size: 10pt\">Welsh, Renate:<\/span><b><strong><br>Besuch aus der Vergangenheit<br><\/strong><\/b><em><span style=\"font-size: 10pt\">Arena Verlag, W\u00fcrzburg 1999<\/span><\/em><\/td><td><\/td><td><\/td><\/tr><tr><td><img loading=\"lazy\" decoding=\"async\" width=\"271\" height=\"350\" class=\"wp-image-3229\" style=\"width: 80px\" src=\"https:\/\/www.brodtfoundation.org\/de\/wp-content\/uploads\/sites\/3\/2018\/11\/Jakob-der-Lu\u0308gner.jpeg\" alt=\"\"><\/td><td><span style=\"font-size: 10pt\">Wieghaus, Georg:<\/span><b><strong><br>Jakob der L\u00fcgner (Nach einem Roman von Jurek Becker)<br><\/strong><\/b><em><span style=\"font-size: 10pt\">Butzon &amp; Bercker, Kevelaer 2002<\/span><\/em><\/td><td><\/td><td><\/td><\/tr><tr><td><img loading=\"lazy\" decoding=\"async\" width=\"425\" height=\"569\" class=\"wp-image-3954\" style=\"width: 80px\" src=\"https:\/\/www.brodtfoundation.org\/de\/wp-content\/uploads\/sites\/3\/2018\/11\/Maschas-leuchtende-Jahre.jpg\" alt=\"\" srcset=\"https:\/\/www.brodtfoundation.org\/de\/wp-content\/uploads\/sites\/3\/2018\/11\/Maschas-leuchtende-Jahre.jpg 425w, https:\/\/www.brodtfoundation.org\/de\/wp-content\/uploads\/sites\/3\/2018\/11\/Maschas-leuchtende-Jahre-400x536.jpg 400w\" sizes=\"auto, (max-width: 425px) 100vw, 425px\" \/><\/td><td>Wiggert, Veronika; Geissler, Marie<br><strong><a href=\"https:\/\/www.brodtfoundation.org\/de\/maschas-leuchtende-jahre\/\" data-type=\"link\" data-id=\"https:\/\/www.brodtfoundation.org\/de\/maschas-leuchtende-jahre\/\">Maschas leuchtende Jahre<\/a><\/strong><br><em>Tulipan Verlag, M\u00fcnchen 2024<\/em><\/td><td><\/td><td><\/td><\/tr><tr><td><img loading=\"lazy\" decoding=\"async\" width=\"480\" height=\"674\" class=\"wp-image-3783\" style=\"width: 80px\" src=\"https:\/\/www.brodtfoundation.org\/de\/wp-content\/uploads\/sites\/3\/2018\/11\/Albert-Einsteins-Relativitaetstheorie.jpeg\" alt=\"\" srcset=\"https:\/\/www.brodtfoundation.org\/de\/wp-content\/uploads\/sites\/3\/2018\/11\/Albert-Einsteins-Relativitaetstheorie.jpeg 480w, https:\/\/www.brodtfoundation.org\/de\/wp-content\/uploads\/sites\/3\/2018\/11\/Albert-Einsteins-Relativitaetstheorie-400x562.jpeg 400w\" sizes=\"auto, (max-width: 480px) 100vw, 480px\" \/><\/td><td>Wilkinson, Carl, Weston Lewis, James (Illustrationen):<br><strong>Albert Einsteins Relativit\u00e4tstheorie<\/strong><br><em>Insel Verlag, Berlin 2021<\/em><\/td><td><\/td><td><\/td><\/tr><tr><td><img loading=\"lazy\" decoding=\"async\" class=\"alignnone size-full wp-image-2895\" src=\"https:\/\/www.brodtfoundation.org\/de\/wp-content\/uploads\/sites\/3\/2021\/07\/wir-waren-glueckskinder-trotz-allem-s.png\" alt=\"\" width=\"80\" height=\"125\"><\/td><td><span style=\"font-size: 10pt\">Wolffsohn, Michael:<\/span><b><strong><br><a href=\"https:\/\/www.brodtfoundation.org\/de\/wir-waren-glueckskinder-trotz-allem-eine-deutschjuedische-familiengeschichte\">Wir waren Gl\u00fcckskinder &#8211; trotz allem. Eine deutschj\u00fcdische Familiengeschichte.<\/a><br><\/strong><\/b><em><span style=\"font-size: 10pt\">dtv, M\u00fcnchen 2021<\/span><\/em><\/td><td><\/td><td><\/td><\/tr><tr><td><img loading=\"lazy\" decoding=\"async\" width=\"227\" height=\"350\" class=\"wp-image-3224\" style=\"width: 80px\" src=\"https:\/\/www.brodtfoundation.org\/de\/wp-content\/uploads\/sites\/3\/2018\/11\/Yahia-Mona-Durch-Bagdad-fliesst-ein-dunkler-Strom.jpg\" alt=\"\"><\/td><td><span style=\"font-size: 10pt\">Yahia, Mona:<\/span><b><strong><br>Durch Bagdad flie\u00dft ein dunkler Strom<br><\/strong><\/b><em><span style=\"font-size: 10pt\">dtv, M\u00fcnchen 2006<\/span><\/em><\/td><td><\/td><td><\/td><\/tr><tr><td><img loading=\"lazy\" decoding=\"async\" width=\"220\" height=\"350\" class=\"wp-image-3226\" style=\"width: 80px\" src=\"https:\/\/www.brodtfoundation.org\/de\/wp-content\/uploads\/sites\/3\/2018\/11\/Das-Berger-Dutzend.jpeg\" alt=\"\"><\/td><td><span style=\"font-size: 10pt\">Zakon, Miriam:<\/span><b><strong><br>Das Berger-Dutzend<br><\/strong><\/b><em><span style=\"font-size: 10pt\">Chai Verlag, Frankfurt 1999<\/span><\/em><\/td><td><\/td><td><\/td><\/tr><tr><td><img loading=\"lazy\" decoding=\"async\" class=\"alignnone size-full wp-image-2449\" src=\"https:\/\/www.brodtfoundation.org\/de\/wp-content\/uploads\/sites\/3\/2018\/11\/Buchcover-Leihst-du-mir-deinen-Blick-S.png\" alt=\"\" width=\"80\" height=\"125\"><\/td><td><span style=\"font-size: 10pt\">Zenatti, Val\u00e9rie:<\/span><b><strong><br>Leihst du mir deinen Blick?<br><\/strong><\/b><em><span style=\"font-size: 10pt\">dtv, M\u00fcnchen 2000<\/span><\/em><\/td><td><\/td><td><\/td><\/tr><tr><td><img loading=\"lazy\" decoding=\"async\" width=\"244\" height=\"350\" class=\"wp-image-3228\" style=\"width: 80px\" src=\"https:\/\/www.brodtfoundation.org\/de\/wp-content\/uploads\/sites\/3\/2018\/11\/Gideons-Welt.jpeg\" alt=\"\"><\/td><td><span style=\"font-size: 10pt\">Zoran, Gabriel:<\/span><b><strong><br>Gideons Welt<br><\/strong><\/b><em><span style=\"font-size: 10pt\">Beltz &amp; Gelberg, Weinheim 2001<\/span><\/em><\/td><td><\/td><td><\/td><\/tr><\/tbody><\/table><\/figure>\n\n\n\n<p><\/p>\n","protected":false},"excerpt":{"rendered":"<p>Abeles, Siegfried:Tams Reise durch die j\u00fcdische M\u00e4rchenwelt, f\u00fcnfundzwanzig Kinderm\u00e4rchen nach j\u00fcdisch-volkst\u00fcmlichen MotivenGans Verlag, Berlin 2022 Almagor, Gila:Der Sommer von Avihadtv, M\u00fcnchen 1998 Almagor, Gila:Auf dem H\u00fcgel unter dem Maulbeerbaumdtv, M\u00fcnchen 1999 Almagor, Gila:Alex, Dafi und ich &#8211; Ein Roman \u00fcber die FreundschaftHanser Verlag, M\u00fcnchen 2005 Almog, Ruth:Die SilberkugelBeltz &amp; Gelberg, Weinheim 1997 Amir, Eli:Nuri. Vom [&hellip;]<\/p>\n","protected":false},"author":2,"featured_media":0,"comment_status":"closed","ping_status":"closed","sticky":false,"template":"","format":"standard","meta":{"footnotes":""},"categories":[10],"tags":[],"class_list":["post-479","post","type-post","status-publish","format-standard","hentry","category-jugendbuecher"],"_links":{"self":[{"href":"https:\/\/www.brodtfoundation.org\/de\/wp-json\/wp\/v2\/posts\/479","targetHints":{"allow":["GET"]}}],"collection":[{"href":"https:\/\/www.brodtfoundation.org\/de\/wp-json\/wp\/v2\/posts"}],"about":[{"href":"https:\/\/www.brodtfoundation.org\/de\/wp-json\/wp\/v2\/types\/post"}],"author":[{"embeddable":true,"href":"https:\/\/www.brodtfoundation.org\/de\/wp-json\/wp\/v2\/users\/2"}],"replies":[{"embeddable":true,"href":"https:\/\/www.brodtfoundation.org\/de\/wp-json\/wp\/v2\/comments?post=479"}],"version-history":[{"count":391,"href":"https:\/\/www.brodtfoundation.org\/de\/wp-json\/wp\/v2\/posts\/479\/revisions"}],"predecessor-version":[{"id":3982,"href":"https:\/\/www.brodtfoundation.org\/de\/wp-json\/wp\/v2\/posts\/479\/revisions\/3982"}],"wp:attachment":[{"href":"https:\/\/www.brodtfoundation.org\/de\/wp-json\/wp\/v2\/media?parent=479"}],"wp:term":[{"taxonomy":"category","embeddable":true,"href":"https:\/\/www.brodtfoundation.org\/de\/wp-json\/wp\/v2\/categories?post=479"},{"taxonomy":"post_tag","embeddable":true,"href":"https:\/\/www.brodtfoundation.org\/de\/wp-json\/wp\/v2\/tags?post=479"}],"curies":[{"name":"wp","href":"https:\/\/api.w.org\/{rel}","templated":true}]}}