{"id":617,"date":"2018-11-12T11:59:54","date_gmt":"2018-11-12T10:59:54","guid":{"rendered":"https:\/\/www.brodtfoundation.org\/de\/?p=617"},"modified":"2019-04-10T22:27:03","modified_gmt":"2019-04-10T20:27:03","slug":"mehr-schwarz-als-lila","status":"publish","type":"post","link":"https:\/\/www.brodtfoundation.org\/de\/mehr-schwarz-als-lila\/","title":{"rendered":"Mehr Schwarz als Lila"},"content":{"rendered":"<p><span style=\"font-size: 10pt;\">Lena Gorelik, Rotwohlt Verlag, Reinbek 2017<\/span><\/p>\n<p style=\"text-align: justify;\"><strong>Verlagstext:<\/strong> Mit siebzehn ist das Leben kompliziert. Alex tr\u00e4gt lieber Schwarz als Lila, ihr Vater schweigt die meiste Zeit, und ein Papagei soll ihr die Mutter ersetzen. Die besondere Freundschaft mit Paul und Ratte ist das, was Alex an ihrem leben liebt. Die gef\u00fchlte Eint\u00f6nigkeit lassen die drei in Mutspielen hinter sich, bei denen es keinen Grenzen gibt. Und dann taucht Johnny Spitzing auf, der junge Referendar, den sogar Alex gut findet. Auf der Klassenfahrt nach Polen jedoch macht Johnny ihr klar, dass sie nur seine Sch\u00fclerin ist; Ratte, die sich verliebt hat, entfernt sich; und ihr bleibt nur Paul, den Alex, von tausend Gef\u00fchlen \u00fcberrannt, k\u00fcsst \u2013 am unpassendsten Ort der Welt, in Auschwitz. Jemand fotographiert, das bild geistert durchs Netz, und pl\u00f6tzlich reden alle \u00fcber Alex und die Jungend von heute, der Papagei entfliegt, Paul verschwindet, und Alex erkennt: \u201eDas ist jetzt mein Film, und das Leben must ich ganz alleine steuern.\u201c<\/p>\n<p style=\"text-align: justify;\">Lena G\u00f6relik erz\u00e4hlt von einer \u00fcberforderten siebzehnj\u00e4hrigen, die der Welt mit Witz und einer Spur notwendigem Stolz gegen\u00fcbertritt. Wie nebenher wirft sie fragen auf \u2013 wie kann man Erinnerung vermitteln, wie frei kann man sein? Vor allem geht es ums Erwachsenwerden und um die Bilder, die wir von uns selbst und anderen haben. Ein packneder, jugendlich gl\u00fchender Roman f\u00fcr jungere wie f\u00fcr erwchsene Leser.<\/p>\n<p><strong>Artikel &#8222;J\u00fcdische Allgemeine&#8220;<\/strong><br \/>\n<a href=\"https:\/\/www.juedische-allgemeine.de\/article\/view\/id\/32928\">https:\/\/www.juedische-allgemeine.de\/article\/view\/id\/32928<\/a><\/p>\n<p>&nbsp;<\/p>\n","protected":false},"excerpt":{"rendered":"<p>Lena Gorelik, Rotwohlt Verlag, Reinbek 2017 Verlagstext: Mit siebzehn ist das Leben kompliziert. Alex tr\u00e4gt lieber Schwarz als Lila, ihr Vater schweigt die meiste Zeit, und ein Papagei soll ihr die Mutter ersetzen. Die besondere Freundschaft mit Paul und Ratte ist das, was Alex an ihrem leben liebt. Die gef\u00fchlte Eint\u00f6nigkeit lassen die drei in [&hellip;]<\/p>\n","protected":false},"author":2,"featured_media":535,"comment_status":"closed","ping_status":"closed","sticky":false,"template":"","format":"standard","meta":{"footnotes":""},"categories":[1],"tags":[],"class_list":["post-617","post","type-post","status-publish","format-standard","has-post-thumbnail","hentry","category-allgemein"],"_links":{"self":[{"href":"https:\/\/www.brodtfoundation.org\/de\/wp-json\/wp\/v2\/posts\/617","targetHints":{"allow":["GET"]}}],"collection":[{"href":"https:\/\/www.brodtfoundation.org\/de\/wp-json\/wp\/v2\/posts"}],"about":[{"href":"https:\/\/www.brodtfoundation.org\/de\/wp-json\/wp\/v2\/types\/post"}],"author":[{"embeddable":true,"href":"https:\/\/www.brodtfoundation.org\/de\/wp-json\/wp\/v2\/users\/2"}],"replies":[{"embeddable":true,"href":"https:\/\/www.brodtfoundation.org\/de\/wp-json\/wp\/v2\/comments?post=617"}],"version-history":[{"count":5,"href":"https:\/\/www.brodtfoundation.org\/de\/wp-json\/wp\/v2\/posts\/617\/revisions"}],"predecessor-version":[{"id":1805,"href":"https:\/\/www.brodtfoundation.org\/de\/wp-json\/wp\/v2\/posts\/617\/revisions\/1805"}],"wp:featuredmedia":[{"embeddable":true,"href":"https:\/\/www.brodtfoundation.org\/de\/wp-json\/wp\/v2\/media\/535"}],"wp:attachment":[{"href":"https:\/\/www.brodtfoundation.org\/de\/wp-json\/wp\/v2\/media?parent=617"}],"wp:term":[{"taxonomy":"category","embeddable":true,"href":"https:\/\/www.brodtfoundation.org\/de\/wp-json\/wp\/v2\/categories?post=617"},{"taxonomy":"post_tag","embeddable":true,"href":"https:\/\/www.brodtfoundation.org\/de\/wp-json\/wp\/v2\/tags?post=617"}],"curies":[{"name":"wp","href":"https:\/\/api.w.org\/{rel}","templated":true}]}}