{"id":628,"date":"2018-11-12T12:11:57","date_gmt":"2018-11-12T11:11:57","guid":{"rendered":"https:\/\/www.brodtfoundation.org\/de\/?p=628"},"modified":"2019-04-12T14:05:04","modified_gmt":"2019-04-12T12:05:04","slug":"katalin-ungarisches-tagebuch","status":"publish","type":"post","link":"https:\/\/www.brodtfoundation.org\/de\/katalin-ungarisches-tagebuch\/","title":{"rendered":"Katalin &#8211; Ungarisches Tagebuch"},"content":{"rendered":"<p><span style=\"font-size: 10pt;\">Rivka Keren, Beltz &amp; Gelberg, Weinheim 1999<\/span><\/p>\n<p style=\"text-align: justify;\"><strong>Alter:<\/strong> Ab 12<\/p>\n<p style=\"text-align: justify;\"><strong>Besonderheit:<\/strong> J\u00fcdische zu sein in Ungarn der 50er Jahre\u2026, dar\u00fcber gibt es so gut wie nichts in deutscher Sprache, auch nicht in der Erwachsenenliteratur. Rivka Keren erz\u00e4hlt da in Tagebuchform nat\u00fcrlich auch aus ihrem eigenen Leben. Sie ist 1946 in Ungarn geboren und 1957 mit ihrer Familie nach Israel gegangen.<\/p>\n<p style=\"text-align: justify;\"><strong>Inhalt:<\/strong> In dem autobiographischen Tagebuch-Roman berichtet die Autorin \u00fcber ihre Kindheit in Debrecen und die Flucht der Familie, als 1956 die Revolution in Ungarn ausbricht.<\/p>\n<p style=\"text-align: justify;\"><strong>Kleine Kritik:<\/strong> Gerne k\u00f6nnte man auch Rivka Kerens erste Novelle von 1970 auf Deutsch lesen. Sie tr\u00e4gt den Titel \u201eRuthi-Schmuti\u201c nach einer Lieblingsbesch\u00e4ftigung von israelischen Kindern, dem Namen eines anderen ein Reimwort anzuh\u00e4ngen, etwas was nicht jedem Kind gefallen kann. In \u201eRuthi-Schmuti\u201c erz\u00e4hlt Rivka Keren von ihren Erfahrungen als junge Einwanderin und Sch\u00fclerin an einer israelischen Internatsschule in den 60er Jahren.<\/p>\n","protected":false},"excerpt":{"rendered":"<p>Rivka Keren, Beltz &amp; Gelberg, Weinheim 1999 Alter: Ab 12 Besonderheit: J\u00fcdische zu sein in Ungarn der 50er Jahre\u2026, dar\u00fcber gibt es so gut wie nichts in deutscher Sprache, auch nicht in der Erwachsenenliteratur. Rivka Keren erz\u00e4hlt da in Tagebuchform nat\u00fcrlich auch aus ihrem eigenen Leben. Sie ist 1946 in Ungarn geboren und 1957 mit [&hellip;]<\/p>\n","protected":false},"author":2,"featured_media":532,"comment_status":"closed","ping_status":"closed","sticky":false,"template":"","format":"standard","meta":{"footnotes":""},"categories":[1],"tags":[],"class_list":["post-628","post","type-post","status-publish","format-standard","has-post-thumbnail","hentry","category-allgemein"],"_links":{"self":[{"href":"https:\/\/www.brodtfoundation.org\/de\/wp-json\/wp\/v2\/posts\/628","targetHints":{"allow":["GET"]}}],"collection":[{"href":"https:\/\/www.brodtfoundation.org\/de\/wp-json\/wp\/v2\/posts"}],"about":[{"href":"https:\/\/www.brodtfoundation.org\/de\/wp-json\/wp\/v2\/types\/post"}],"author":[{"embeddable":true,"href":"https:\/\/www.brodtfoundation.org\/de\/wp-json\/wp\/v2\/users\/2"}],"replies":[{"embeddable":true,"href":"https:\/\/www.brodtfoundation.org\/de\/wp-json\/wp\/v2\/comments?post=628"}],"version-history":[{"count":4,"href":"https:\/\/www.brodtfoundation.org\/de\/wp-json\/wp\/v2\/posts\/628\/revisions"}],"predecessor-version":[{"id":1851,"href":"https:\/\/www.brodtfoundation.org\/de\/wp-json\/wp\/v2\/posts\/628\/revisions\/1851"}],"wp:featuredmedia":[{"embeddable":true,"href":"https:\/\/www.brodtfoundation.org\/de\/wp-json\/wp\/v2\/media\/532"}],"wp:attachment":[{"href":"https:\/\/www.brodtfoundation.org\/de\/wp-json\/wp\/v2\/media?parent=628"}],"wp:term":[{"taxonomy":"category","embeddable":true,"href":"https:\/\/www.brodtfoundation.org\/de\/wp-json\/wp\/v2\/categories?post=628"},{"taxonomy":"post_tag","embeddable":true,"href":"https:\/\/www.brodtfoundation.org\/de\/wp-json\/wp\/v2\/tags?post=628"}],"curies":[{"name":"wp","href":"https:\/\/api.w.org\/{rel}","templated":true}]}}