{"id":642,"date":"2018-11-12T12:26:46","date_gmt":"2018-11-12T11:26:46","guid":{"rendered":"https:\/\/www.brodtfoundation.org\/de\/?p=642"},"modified":"2019-04-27T17:19:33","modified_gmt":"2019-04-27T15:19:33","slug":"ich-sehne-mich-so-die-lebensgeschichte-der-anne-frank","status":"publish","type":"post","link":"https:\/\/www.brodtfoundation.org\/de\/ich-sehne-mich-so-die-lebensgeschichte-der-anne-frank\/","title":{"rendered":"Ich sehne mich so: Die Lebensgeschichte der Anne Frank"},"content":{"rendered":"<p><span style=\"font-size: 10pt;\">Mirjam Pressler (Autor), Beltz &amp; Gelberg, Weinheim 1998<\/span><\/p>\n<p style=\"text-align: justify;\"><strong>Alter:<\/strong> Ab 10<\/p>\n<p style=\"text-align: justify;\"><strong>Besonderheit:<\/strong> Viele meinen ja, wenn sie das Tagebuch von Anne Frank kennen, w\u00fcrden sie Anne Frank kennen. Noch mehr meinen, das Tagebuch von Anne Frank zu kennen. Die wenigsten tun das. Das ber\u00fchmte Tagebuch hat nach all den Jahren seine eigene (Rezeptions)Geschichte geschrieben, abgesehen davon, dass es erst durch und wegen Mirjam Pressler eine komplette, wissenschaftlich begleitete kritische Ausgabe des Tagebuchs gibt (bei Fischer erschienen und so umfangreich und dadurch teuer, dass es bei einer Auflage, die vergriffen ist, bleiben musste). Mirjam Pressler hat also den \u00dcberblick und sie hat den Einblick bekommen auch in den Speicher des Cousins von Anne, Buddy Elias, 2015 verstorben. Dort lagerte noch allerhand zur Familie Frank. In \u201eIch sehne mich so\u201c hat Mirjam Pressler mit all ihrem Wissen im R\u00fccken ein wunderbar faktisches wie einf\u00fchlsames Buch \u00fcber Anne und ihre Zeit geschrieben, die zu einer differenzierten Lesart vom Tagebuch bef\u00e4higt.<\/p>\n<p><strong>Mehr \u00fcber Mirjam Pressler&#8230;:<\/strong><br \/>\n<a href=\"https:\/\/www.juedische-allgemeine.de\/kultur\/leben-fuer-die-literatur\/\">https:\/\/www.juedische-allgemeine.de\/kultur\/leben-fuer-die-literatur\/<\/a><\/p>\n","protected":false},"excerpt":{"rendered":"<p>Mirjam Pressler (Autor), Beltz &amp; Gelberg, Weinheim 1998 Alter: Ab 10 Besonderheit: Viele meinen ja, wenn sie das Tagebuch von Anne Frank kennen, w\u00fcrden sie Anne Frank kennen. Noch mehr meinen, das Tagebuch von Anne Frank zu kennen. Die wenigsten tun das. Das ber\u00fchmte Tagebuch hat nach all den Jahren seine eigene (Rezeptions)Geschichte geschrieben, abgesehen [&hellip;]<\/p>\n","protected":false},"author":2,"featured_media":531,"comment_status":"closed","ping_status":"closed","sticky":false,"template":"","format":"standard","meta":{"footnotes":""},"categories":[1],"tags":[],"class_list":["post-642","post","type-post","status-publish","format-standard","has-post-thumbnail","hentry","category-allgemein"],"_links":{"self":[{"href":"https:\/\/www.brodtfoundation.org\/de\/wp-json\/wp\/v2\/posts\/642","targetHints":{"allow":["GET"]}}],"collection":[{"href":"https:\/\/www.brodtfoundation.org\/de\/wp-json\/wp\/v2\/posts"}],"about":[{"href":"https:\/\/www.brodtfoundation.org\/de\/wp-json\/wp\/v2\/types\/post"}],"author":[{"embeddable":true,"href":"https:\/\/www.brodtfoundation.org\/de\/wp-json\/wp\/v2\/users\/2"}],"replies":[{"embeddable":true,"href":"https:\/\/www.brodtfoundation.org\/de\/wp-json\/wp\/v2\/comments?post=642"}],"version-history":[{"count":4,"href":"https:\/\/www.brodtfoundation.org\/de\/wp-json\/wp\/v2\/posts\/642\/revisions"}],"predecessor-version":[{"id":2021,"href":"https:\/\/www.brodtfoundation.org\/de\/wp-json\/wp\/v2\/posts\/642\/revisions\/2021"}],"wp:featuredmedia":[{"embeddable":true,"href":"https:\/\/www.brodtfoundation.org\/de\/wp-json\/wp\/v2\/media\/531"}],"wp:attachment":[{"href":"https:\/\/www.brodtfoundation.org\/de\/wp-json\/wp\/v2\/media?parent=642"}],"wp:term":[{"taxonomy":"category","embeddable":true,"href":"https:\/\/www.brodtfoundation.org\/de\/wp-json\/wp\/v2\/categories?post=642"},{"taxonomy":"post_tag","embeddable":true,"href":"https:\/\/www.brodtfoundation.org\/de\/wp-json\/wp\/v2\/tags?post=642"}],"curies":[{"name":"wp","href":"https:\/\/api.w.org\/{rel}","templated":true}]}}