{"id":644,"date":"2018-11-12T12:31:15","date_gmt":"2018-11-12T11:31:15","guid":{"rendered":"https:\/\/www.brodtfoundation.org\/de\/?p=644"},"modified":"2019-04-27T17:23:32","modified_gmt":"2019-04-27T15:23:32","slug":"beruf-philosophin-oder-die-liebe-zur-welt","status":"publish","type":"post","link":"https:\/\/www.brodtfoundation.org\/de\/beruf-philosophin-oder-die-liebe-zur-welt\/","title":{"rendered":"Beruf Philosophin oder Die Liebe zur Welt"},"content":{"rendered":"<p><span style=\"font-size: 10pt;\">Alois Prinz, Beltz &amp; Gelberg, Weinheim 2002<\/span><\/p>\n<p style=\"text-align: justify;\"><strong>Alter:<\/strong> Ab 12\/13<\/p>\n<p style=\"text-align: justify;\"><strong>Besonderheit:<\/strong> Schlie\u00dfen wir uns dieses Mal dem Urteil der taz an: \u201eAlois Prinz ist der begnadete Biograf von Hannah Arendt\u201c. Abgesehen davon, dass Alois Prinz ganz generell ein begnadeter Biograf ist, liegt es nat\u00fcrlich auch an Hannah Arendt selbst, dass es \u2013 besitzt man die F\u00e4higkeit \u2013 ein erhebendes Vergn\u00fcgen sein muss \u00fcber sie zu schreiben. \u00dcber sie zu lesen, hat \u2013 auch bereits f\u00fcr jugendliche Leser \u2013 sicher etwas \u201eIntellektualisierendes\u201c und macht Lust auf eigenst\u00e4ndiges \u201eDenken ohne Gel\u00e4nder\u201c. Die Soziologin und Philosophin (wie sie genannt werden wollte, daraus macht Hannah Arendt liebend gerne kleine Aff\u00e4ren) liebt den unkonventionellen Zugang zu Fragestellungen, was eben auch \u00fcberraschende Antworten erwarten l\u00e4sst. Floskeln, Plattit\u00fcden sind ihr fremd und machen Mut dem abrufbaren Schulwissen zumindest ein Sahneh\u00e4ubchen aufzusetzen. Hannah Arendt legt frei und m\u00f6chte streitbar bleiben. In ihrer Biografie spiegelt sich das moderne Europa wider, vor, w\u00e4hrend und nach der Shoah.<\/p>\n<p style=\"text-align: justify;\"><strong>Kritik:<\/strong> \u2013<\/p>\n","protected":false},"excerpt":{"rendered":"<p>Alois Prinz, Beltz &amp; Gelberg, Weinheim 2002 Alter: Ab 12\/13 Besonderheit: Schlie\u00dfen wir uns dieses Mal dem Urteil der taz an: \u201eAlois Prinz ist der begnadete Biograf von Hannah Arendt\u201c. Abgesehen davon, dass Alois Prinz ganz generell ein begnadeter Biograf ist, liegt es nat\u00fcrlich auch an Hannah Arendt selbst, dass es \u2013 besitzt man die [&hellip;]<\/p>\n","protected":false},"author":2,"featured_media":511,"comment_status":"closed","ping_status":"closed","sticky":false,"template":"","format":"standard","meta":{"footnotes":""},"categories":[1],"tags":[],"class_list":["post-644","post","type-post","status-publish","format-standard","has-post-thumbnail","hentry","category-allgemein"],"_links":{"self":[{"href":"https:\/\/www.brodtfoundation.org\/de\/wp-json\/wp\/v2\/posts\/644","targetHints":{"allow":["GET"]}}],"collection":[{"href":"https:\/\/www.brodtfoundation.org\/de\/wp-json\/wp\/v2\/posts"}],"about":[{"href":"https:\/\/www.brodtfoundation.org\/de\/wp-json\/wp\/v2\/types\/post"}],"author":[{"embeddable":true,"href":"https:\/\/www.brodtfoundation.org\/de\/wp-json\/wp\/v2\/users\/2"}],"replies":[{"embeddable":true,"href":"https:\/\/www.brodtfoundation.org\/de\/wp-json\/wp\/v2\/comments?post=644"}],"version-history":[{"count":3,"href":"https:\/\/www.brodtfoundation.org\/de\/wp-json\/wp\/v2\/posts\/644\/revisions"}],"predecessor-version":[{"id":2023,"href":"https:\/\/www.brodtfoundation.org\/de\/wp-json\/wp\/v2\/posts\/644\/revisions\/2023"}],"wp:featuredmedia":[{"embeddable":true,"href":"https:\/\/www.brodtfoundation.org\/de\/wp-json\/wp\/v2\/media\/511"}],"wp:attachment":[{"href":"https:\/\/www.brodtfoundation.org\/de\/wp-json\/wp\/v2\/media?parent=644"}],"wp:term":[{"taxonomy":"category","embeddable":true,"href":"https:\/\/www.brodtfoundation.org\/de\/wp-json\/wp\/v2\/categories?post=644"},{"taxonomy":"post_tag","embeddable":true,"href":"https:\/\/www.brodtfoundation.org\/de\/wp-json\/wp\/v2\/tags?post=644"}],"curies":[{"name":"wp","href":"https:\/\/api.w.org\/{rel}","templated":true}]}}