{"id":803,"date":"2018-11-16T09:13:14","date_gmt":"2018-11-16T08:13:14","guid":{"rendered":"https:\/\/www.brodtfoundation.org\/de\/?p=803"},"modified":"2019-04-10T22:39:37","modified_gmt":"2019-04-10T20:39:37","slug":"die-gondel-mit-dem-magischen-schwert","status":"publish","type":"post","link":"https:\/\/www.brodtfoundation.org\/de\/die-gondel-mit-dem-magischen-schwert\/","title":{"rendered":"Die Gondel mit dem magischen Schwert"},"content":{"rendered":"<p><span style=\"font-size: 10pt;\">Rosa Hipp, Ariella Verlag, Berlin 2015<\/span><\/p>\n<p style=\"text-align: justify;\">Warum ausgerechnet Venedig?<\/p>\n<p style=\"text-align: justify;\">Maja Bertolt h\u00e4tte ihren Urlaub lieber wo anders verbracht, statt mit ihren Eltern in die Lagunenstadt zu fahren, um die Brieffreundin ihrer Mutter zu besuchen. Aber zum Gl\u00fcck gibt es deren Sohn Rafael, der ihr sein Venedig zeigt. Bei einem ihrer Streifz\u00fcge verirren sie sich in die Italienische Vergangenheit und ein Abenteuer beginnt. In der Renaissance, als Venedig eine pr\u00e4chtige und reiche Seemacht war, begegnen sie dem M\u00e4dchen Rachel, das als J\u00fcdin im venezianischen Ghetto unter schwierigen Umst\u00e4nden lebt. Armut, Verleumdungen und Willk\u00fcr machen ihr Leben zu einer Gratwanderung. Maja und Rafael werden Zeugen d\u00fcsterer Geschehnisse, erfahren aber auch, was wahre Freundschaft ist. Gemeinsam mit Rahel und deren Freund Angelo decken sie ein Komplott auf und retten das historische Venedig vor einem zerst\u00f6rerischen Angriff.<\/p>\n<p style=\"text-align: justify;\">Aber wie kommen sie wieder nach Hause in das Hier und Heute?<\/p>\n<p style=\"text-align: justify;\">Rosa Hipps Deb\u00fctroman erz\u00e4hlt mit gro\u00dfer Spannung und viel historischem Wissen das Abenteuer einer Zeitreise in die Mitte des 16. Jahrhunderts. Sie nimmt uns zu den Anf\u00e4ngen des Ghettos von Venedig,\u00a0anl\u00e4sslich\u00a0dessen 500. Jahrestages.<\/p>\n<p><strong>Artikel &#8222;J\u00fcdische Allgemeine&#8220;:<\/strong><br \/>\n<a href=\"http:\/\/www.juedische-allgemeine.de\/article\/view\/id\/23533\">http:\/\/www.juedische-allgemeine.de\/article\/view\/id\/23533<\/a><\/p>\n","protected":false},"excerpt":{"rendered":"<p>Rosa Hipp, Ariella Verlag, Berlin 2015 Warum ausgerechnet Venedig? Maja Bertolt h\u00e4tte ihren Urlaub lieber wo anders verbracht, statt mit ihren Eltern in die Lagunenstadt zu fahren, um die Brieffreundin ihrer Mutter zu besuchen. Aber zum Gl\u00fcck gibt es deren Sohn Rafael, der ihr sein Venedig zeigt. Bei einem ihrer Streifz\u00fcge verirren sie sich in [&hellip;]<\/p>\n","protected":false},"author":2,"featured_media":1316,"comment_status":"closed","ping_status":"closed","sticky":false,"template":"","format":"standard","meta":{"footnotes":""},"categories":[1],"tags":[],"class_list":["post-803","post","type-post","status-publish","format-standard","has-post-thumbnail","hentry","category-allgemein"],"_links":{"self":[{"href":"https:\/\/www.brodtfoundation.org\/de\/wp-json\/wp\/v2\/posts\/803","targetHints":{"allow":["GET"]}}],"collection":[{"href":"https:\/\/www.brodtfoundation.org\/de\/wp-json\/wp\/v2\/posts"}],"about":[{"href":"https:\/\/www.brodtfoundation.org\/de\/wp-json\/wp\/v2\/types\/post"}],"author":[{"embeddable":true,"href":"https:\/\/www.brodtfoundation.org\/de\/wp-json\/wp\/v2\/users\/2"}],"replies":[{"embeddable":true,"href":"https:\/\/www.brodtfoundation.org\/de\/wp-json\/wp\/v2\/comments?post=803"}],"version-history":[{"count":4,"href":"https:\/\/www.brodtfoundation.org\/de\/wp-json\/wp\/v2\/posts\/803\/revisions"}],"predecessor-version":[{"id":1809,"href":"https:\/\/www.brodtfoundation.org\/de\/wp-json\/wp\/v2\/posts\/803\/revisions\/1809"}],"wp:featuredmedia":[{"embeddable":true,"href":"https:\/\/www.brodtfoundation.org\/de\/wp-json\/wp\/v2\/media\/1316"}],"wp:attachment":[{"href":"https:\/\/www.brodtfoundation.org\/de\/wp-json\/wp\/v2\/media?parent=803"}],"wp:term":[{"taxonomy":"category","embeddable":true,"href":"https:\/\/www.brodtfoundation.org\/de\/wp-json\/wp\/v2\/categories?post=803"},{"taxonomy":"post_tag","embeddable":true,"href":"https:\/\/www.brodtfoundation.org\/de\/wp-json\/wp\/v2\/tags?post=803"}],"curies":[{"name":"wp","href":"https:\/\/api.w.org\/{rel}","templated":true}]}}